{"id":1421,"date":"2017-10-13T20:21:19","date_gmt":"2017-10-13T18:21:19","guid":{"rendered":"http:\/\/democraciaactiva.eu\/?p=1421"},"modified":"2017-10-13T20:21:19","modified_gmt":"2017-10-13T18:21:19","slug":"criticas-a-las-prioridades-de-la-policia-local-en-san-roque","status":"publish","type":"post","link":"https:\/\/democraciaactiva.eu\/?p=1421","title":{"rendered":"Cr\u00edticas a las prioridades de la Polic\u00eda Local en San Roque"},"content":{"rendered":"<p style=\"text-align: justify;\">La Polic\u00eda Local en San Roque (C\u00e1diz), ha dedicado su tiempo en twitter a recordarnos cu\u00e1l es la distancia que debe mantenerse ante ciclistas en carretera (v\u00edas que recordemos NO son competencia de la Polic\u00eda Local).<a href=\"https:\/\/democraciaactiva.eu\/wp-content\/uploads\/2017\/10\/Distancia1.jpg\"><img decoding=\"async\" loading=\"lazy\" class=\"aligncenter size-medium wp-image-1423\" src=\"https:\/\/democraciaactiva.eu\/wp-content\/uploads\/2017\/10\/Distancia1-290x300.jpg\" alt=\"\" width=\"290\" height=\"300\" \/><\/a><\/p>\n<p style=\"text-align: justify;\">Sin embargo, <strong>no parecen dedicar el mismo tiempo a las v\u00edas de su competencia<\/strong>, como las calles comerciales, <strong>donde las aceras se encuentran totalmente ocupadas de forma continua<\/strong>, con conocimiento y consentimiento de los agentes que incluso acuden a desayunar sin problema alguno, mientras se obliga a los ciudadanos a echarse a la calzada.<\/p>\n<p style=\"text-align: justify;\">Personas con movilidad reducida, carros de beb\u00e9, o simplemente familias que no quieren estar continuamente apartando sillas a su paso, son habituales usuarios de las calzadas junto a los veh\u00edculos, por lo que no ha tardado en surgir la pregunta&#8230; \u00bfqu\u00e9 distancia de seguridad hay que aplicar ah\u00ed?, \u00bfpor qu\u00e9 la Polic\u00eda Local permite esas situaciones de riesgo con su pasividad ante la ocupaci\u00f3n de las aceras?<a href=\"https:\/\/democraciaactiva.eu\/wp-content\/uploads\/2017\/10\/Distancia2.jpg\"><img decoding=\"async\" loading=\"lazy\" class=\"aligncenter wp-image-1422 size-medium\" src=\"https:\/\/democraciaactiva.eu\/wp-content\/uploads\/2017\/10\/Distancia2-300x184.jpg\" alt=\"\" width=\"300\" height=\"184\" \/><\/a><br \/>\nCuriosamente, <strong>el ancho m\u00ednimo para un itinerario peatonal coincide con la distancia entre veh\u00edculos y ciclistas: 1,5 metros<\/strong>. Algo que muchas aceras de zonas comerciales en San Roque podr\u00edan cumplir, <strong>si la Polic\u00eda Local cumpliese sus funciones<\/strong> de polic\u00eda administrativa y no permitiera la ocupaci\u00f3n sin l\u00edmites.<\/p>\n<p style=\"text-align: justify;\">Por ello desde algunos colectivos <strong>se han tomado con indignaci\u00f3n estos mensajes, viniendo de quienes permiten incumplimientos tan claros<\/strong> que obligan a circular peatones y veh\u00edculos juntos sin distancias de seguridad.<\/p>\n","protected":false},"excerpt":{"rendered":"<div class=\"mh-excerpt\"><p>La Polic\u00eda Local en San Roque (C\u00e1diz), ha dedicado su tiempo en twitter a recordarnos cu\u00e1l es la distancia que debe mantenerse ante ciclistas en <a class=\"mh-excerpt-more\" href=\"https:\/\/democraciaactiva.eu\/?p=1421\" title=\"Cr\u00edticas a las prioridades de la Polic\u00eda Local en San Roque\">[&#8230;]<\/a><\/p>\n<\/div>","protected":false},"author":1,"featured_media":1422,"comment_status":"closed","ping_status":"open","sticky":false,"template":"","format":"standard","meta":[],"categories":[12],"tags":[],"_links":{"self":[{"href":"https:\/\/democraciaactiva.eu\/index.php?rest_route=\/wp\/v2\/posts\/1421"}],"collection":[{"href":"https:\/\/democraciaactiva.eu\/index.php?rest_route=\/wp\/v2\/posts"}],"about":[{"href":"https:\/\/democraciaactiva.eu\/index.php?rest_route=\/wp\/v2\/types\/post"}],"author":[{"embeddable":true,"href":"https:\/\/democraciaactiva.eu\/index.php?rest_route=\/wp\/v2\/users\/1"}],"replies":[{"embeddable":true,"href":"https:\/\/democraciaactiva.eu\/index.php?rest_route=%2Fwp%2Fv2%2Fcomments&post=1421"}],"version-history":[{"count":0,"href":"https:\/\/democraciaactiva.eu\/index.php?rest_route=\/wp\/v2\/posts\/1421\/revisions"}],"wp:featuredmedia":[{"embeddable":true,"href":"https:\/\/democraciaactiva.eu\/index.php?rest_route=\/"}],"wp:attachment":[{"href":"https:\/\/democraciaactiva.eu\/index.php?rest_route=%2Fwp%2Fv2%2Fmedia&parent=1421"}],"wp:term":[{"taxonomy":"category","embeddable":true,"href":"https:\/\/democraciaactiva.eu\/index.php?rest_route=%2Fwp%2Fv2%2Fcategories&post=1421"},{"taxonomy":"post_tag","embeddable":true,"href":"https:\/\/democraciaactiva.eu\/index.php?rest_route=%2Fwp%2Fv2%2Ftags&post=1421"}],"curies":[{"name":"wp","href":"https:\/\/api.w.org\/{rel}","templated":true}]}}