{"id":1417,"date":"2017-09-16T20:52:33","date_gmt":"2017-09-16T18:52:33","guid":{"rendered":"http:\/\/democraciaactiva.eu\/?p=1417"},"modified":"2017-09-16T20:52:33","modified_gmt":"2017-09-16T18:52:33","slug":"torrelodones-nuevo-ejemplo-de-hipocresia-politica","status":"publish","type":"post","link":"https:\/\/democraciaactiva.eu\/?p=1417","title":{"rendered":"Torrelodones, nuevo ejemplo de hipocres\u00eda pol\u00edtica"},"content":{"rendered":"<p style=\"text-align: justify;\">En estos d\u00edas el partido gobernante en Torrelodones (VxT) ha emitido un curioso tweet. En \u00e9l se preguntan, citando a la Presidenta de la Comunidad de Madrid, c\u00f3mo es posible que un acuerdo del 1 de agosto llegue a su municipio el 15 de septiembre, y que adem\u00e1s hayan tenido que reclamarlo.<a href=\"https:\/\/democraciaactiva.eu\/wp-content\/uploads\/2017\/09\/Twit.jpg\"><img decoding=\"async\" loading=\"lazy\" class=\"aligncenter size-medium wp-image-1418\" src=\"https:\/\/democraciaactiva.eu\/wp-content\/uploads\/2017\/09\/Twit-300x173.jpg\" alt=\"\" width=\"300\" height=\"173\" \/><\/a><\/p>\n<p style=\"text-align: justify;\">Igual podr\u00edamos preguntarnos nosotros c\u00f3mo es que a 15 de septiembre a\u00fan no hemos recibido la documentaci\u00f3n solicitada el 24 de julio, reiterando la que solicitamos el 10 de julio, y vuelta a reclamar el 7 de septiembre, sobre expediente finalizado en el mes de junio. Pero claro, <strong>Torrelodones en agosto cierra por vacaciones<\/strong>, o eso dice su Alcaldesa.<\/p>\n<p><a href=\"https:\/\/democraciaactiva.eu\/wp-content\/uploads\/2017\/09\/Retraso.jpg\"><img decoding=\"async\" loading=\"lazy\" class=\"aligncenter size-medium wp-image-1419\" src=\"https:\/\/democraciaactiva.eu\/wp-content\/uploads\/2017\/09\/Retraso-300x244.jpg\" alt=\"\" width=\"300\" height=\"244\" \/><\/a><\/p>\n<p style=\"text-align: justify;\">Se\u00f1ores de VxT, nos queda clara su postura de<strong> hipocres\u00eda pol\u00edtica<\/strong>. <strong>Esperamos que alg\u00fan d\u00eda traten a los dem\u00e1s como piden ser tratados, de forma que sus quejas en redes sociales no produzcan tanta verg\u00fcenza ajena.<\/strong><\/p>\n","protected":false},"excerpt":{"rendered":"<div class=\"mh-excerpt\"><p>En estos d\u00edas el partido gobernante en Torrelodones (VxT) ha emitido un curioso tweet. En \u00e9l se preguntan, citando a la Presidenta de la Comunidad <a class=\"mh-excerpt-more\" href=\"https:\/\/democraciaactiva.eu\/?p=1417\" title=\"Torrelodones, nuevo ejemplo de hipocres\u00eda pol\u00edtica\">[&#8230;]<\/a><\/p>\n<\/div>","protected":false},"author":1,"featured_media":1418,"comment_status":"closed","ping_status":"open","sticky":false,"template":"","format":"standard","meta":[],"categories":[5,6,8],"tags":[],"_links":{"self":[{"href":"https:\/\/democraciaactiva.eu\/index.php?rest_route=\/wp\/v2\/posts\/1417"}],"collection":[{"href":"https:\/\/democraciaactiva.eu\/index.php?rest_route=\/wp\/v2\/posts"}],"about":[{"href":"https:\/\/democraciaactiva.eu\/index.php?rest_route=\/wp\/v2\/types\/post"}],"author":[{"embeddable":true,"href":"https:\/\/democraciaactiva.eu\/index.php?rest_route=\/wp\/v2\/users\/1"}],"replies":[{"embeddable":true,"href":"https:\/\/democraciaactiva.eu\/index.php?rest_route=%2Fwp%2Fv2%2Fcomments&post=1417"}],"version-history":[{"count":0,"href":"https:\/\/democraciaactiva.eu\/index.php?rest_route=\/wp\/v2\/posts\/1417\/revisions"}],"wp:featuredmedia":[{"embeddable":true,"href":"https:\/\/democraciaactiva.eu\/index.php?rest_route=\/"}],"wp:attachment":[{"href":"https:\/\/democraciaactiva.eu\/index.php?rest_route=%2Fwp%2Fv2%2Fmedia&parent=1417"}],"wp:term":[{"taxonomy":"category","embeddable":true,"href":"https:\/\/democraciaactiva.eu\/index.php?rest_route=%2Fwp%2Fv2%2Fcategories&post=1417"},{"taxonomy":"post_tag","embeddable":true,"href":"https:\/\/democraciaactiva.eu\/index.php?rest_route=%2Fwp%2Fv2%2Ftags&post=1417"}],"curies":[{"name":"wp","href":"https:\/\/api.w.org\/{rel}","templated":true}]}}