{"id":1412,"date":"2017-08-23T21:01:44","date_gmt":"2017-08-23T19:01:44","guid":{"rendered":"http:\/\/democraciaactiva.eu\/?p=1412"},"modified":"2017-08-23T21:01:44","modified_gmt":"2017-08-23T19:01:44","slug":"ciudadanos-desprecia-a-la-ciudadania-en-espartinas-sevilla","status":"publish","type":"post","link":"https:\/\/democraciaactiva.eu\/?p=1412","title":{"rendered":"Ciudadanos desprecia a la Ciudadan\u00eda en Espartinas (Sevilla)"},"content":{"rendered":"<p style=\"text-align: justify;\">Lamentablemente no es la primera vez que un partido pol\u00edtico gobernante, en este caso Ciudadanos, menosprecia a los movimientos vecinales. En esta ocasi\u00f3n el gobierno de Espartinas (Sevilla) ha elegido el homenaje a las v\u00edctimas del \u00faltimo atentado terrorista para demostrarnos, una vez m\u00e1s, su \u00abalergia\u00bb a la Asociaci\u00f3n Ciudadanos de Espartinas (ACE).<\/p>\n<p><a href=\"https:\/\/democraciaactiva.eu\/wp-content\/uploads\/2017\/08\/Post1.jpg\"><img decoding=\"async\" loading=\"lazy\" class=\"aligncenter wp-image-1413 size-medium\" src=\"https:\/\/democraciaactiva.eu\/wp-content\/uploads\/2017\/08\/Post1-220x300.jpg\" alt=\"\" width=\"220\" height=\"300\" \/><\/a><\/p>\n<p style=\"text-align: justify;\">Si bien en un primer momento de confusi\u00f3n subi\u00f3 a las redes sociales nota donde se reflejaba la asistencia del colectivo ciudadano al acto convocado, <strong>apenas unos minutos despu\u00e9s eliminaba cualquier alusi\u00f3n a esta Asociaci\u00f3n<\/strong> -suponemos que tras tir\u00f3n de orejas al encargado de redes sociales del partido-, dejando s\u00f3lo la representaci\u00f3n pol\u00edtica indispensable.<\/p>\n<p style=\"text-align: justify;\"><a href=\"https:\/\/democraciaactiva.eu\/wp-content\/uploads\/2017\/08\/Post2.jpg\"><img decoding=\"async\" loading=\"lazy\" class=\"aligncenter wp-image-1414 size-medium\" src=\"https:\/\/democraciaactiva.eu\/wp-content\/uploads\/2017\/08\/Post2-294x300.jpg\" alt=\"\" width=\"294\" height=\"300\" \/><\/a><\/p>\n<div id=\"js_6br\" class=\"_5pbx userContent\" data-ft=\"{&quot;tn&quot;:&quot;K&quot;}\">\n<p style=\"text-align: justify;\">Los motivos de esta censura ni est\u00e1n ni se esperan, aunque todos podemos suponerlos. <strong>Son las actitudes que diferencian a quienes sirven al pueblo de quienes se sirven de \u00e9l.<\/strong><\/p>\n<\/div>\n<p>&nbsp; <\/p>\n","protected":false},"excerpt":{"rendered":"<div class=\"mh-excerpt\"><p>Lamentablemente no es la primera vez que un partido pol\u00edtico gobernante, en este caso Ciudadanos, menosprecia a los movimientos vecinales. En esta ocasi\u00f3n el gobierno <a class=\"mh-excerpt-more\" href=\"https:\/\/democraciaactiva.eu\/?p=1412\" title=\"Ciudadanos desprecia a la Ciudadan\u00eda en Espartinas (Sevilla)\">[&#8230;]<\/a><\/p>\n<\/div>","protected":false},"author":1,"featured_media":1413,"comment_status":"closed","ping_status":"open","sticky":false,"template":"","format":"standard","meta":[],"categories":[5,12],"tags":[],"_links":{"self":[{"href":"https:\/\/democraciaactiva.eu\/index.php?rest_route=\/wp\/v2\/posts\/1412"}],"collection":[{"href":"https:\/\/democraciaactiva.eu\/index.php?rest_route=\/wp\/v2\/posts"}],"about":[{"href":"https:\/\/democraciaactiva.eu\/index.php?rest_route=\/wp\/v2\/types\/post"}],"author":[{"embeddable":true,"href":"https:\/\/democraciaactiva.eu\/index.php?rest_route=\/wp\/v2\/users\/1"}],"replies":[{"embeddable":true,"href":"https:\/\/democraciaactiva.eu\/index.php?rest_route=%2Fwp%2Fv2%2Fcomments&post=1412"}],"version-history":[{"count":0,"href":"https:\/\/democraciaactiva.eu\/index.php?rest_route=\/wp\/v2\/posts\/1412\/revisions"}],"wp:featuredmedia":[{"embeddable":true,"href":"https:\/\/democraciaactiva.eu\/index.php?rest_route=\/"}],"wp:attachment":[{"href":"https:\/\/democraciaactiva.eu\/index.php?rest_route=%2Fwp%2Fv2%2Fmedia&parent=1412"}],"wp:term":[{"taxonomy":"category","embeddable":true,"href":"https:\/\/democraciaactiva.eu\/index.php?rest_route=%2Fwp%2Fv2%2Fcategories&post=1412"},{"taxonomy":"post_tag","embeddable":true,"href":"https:\/\/democraciaactiva.eu\/index.php?rest_route=%2Fwp%2Fv2%2Ftags&post=1412"}],"curies":[{"name":"wp","href":"https:\/\/api.w.org\/{rel}","templated":true}]}}