{"id":1403,"date":"2017-08-09T14:01:47","date_gmt":"2017-08-09T12:01:47","guid":{"rendered":"http:\/\/democraciaactiva.eu\/?p=1403"},"modified":"2017-08-09T14:01:47","modified_gmt":"2017-08-09T12:01:47","slug":"nuevo-intento-de-bloqueo-a-las-subvenciones-de-asansull","status":"publish","type":"post","link":"https:\/\/democraciaactiva.eu\/?p=1403","title":{"rendered":"Retrasan nuevamente la informaci\u00f3n sobre subvenciones a ASANSULL"},"content":{"rendered":"<p style=\"text-align: justify;\">Por parte de la Viceconsejer\u00eda de Igualdad y Pol\u00edticas Sociales de la Junta de Andaluc\u00eda se nos traslada que <strong>nuevamente se paraliza el plazo para dar acceso a<\/strong>l detalle de convenios, acuerdos, o cualquier otro documento en el que se basen <strong>los aproximadamente siete millones de euros anuales que recibe ASANSULL<\/strong>, beneficiaria del cierre de la residencia de mayores de La L\u00ednea de la Concepci\u00f3n (C\u00e1diz).<\/p>\n<p><a href=\"https:\/\/democraciaactiva.eu\/wp-content\/uploads\/2017\/08\/RetrasoAsansull.jpg\"><img decoding=\"async\" loading=\"lazy\" class=\"aligncenter wp-image-1405 size-medium\" src=\"https:\/\/democraciaactiva.eu\/wp-content\/uploads\/2017\/08\/RetrasoAsansull-211x300.jpg\" alt=\"\" width=\"211\" height=\"300\" \/><\/a><\/p>\n<p style=\"text-align: justify;\">El motivo en esta ocasi\u00f3n resulta de la consideraci\u00f3n de ASANSULL como <strong>posible afectada en sus derechos e intereses leg\u00edtimos por el acceso a dicha informaci\u00f3n<\/strong>. De este modo, se paraliza durante 15 d\u00edas m\u00e1s, una vez que ya hab\u00edan agotado el mes de plazo para dar acceso a la informaci\u00f3n, indicando que igualmente seguir\u00e1 paralizado el procedimiento si ASANSULL decide recurrir dando margen para la presentaci\u00f3n de Contencioso Administrativo.<\/p>\n<p style=\"text-align: justify;\">Desde DCA <strong>no se entiende que el acceso a la informaci\u00f3n p\u00fablica sobre subvenciones p\u00fablicas puede afectar a inter\u00e9s alguno de los beneficiarios. La publicidad de estas subvenciones es algo que aceptan cuando las reciben, e incluso por la cantidad (aproximadamente siete millones de euros anuales) deber\u00eda ser objeto de publicidad activa, algo que la Junta de Andaluc\u00eda ni ha comprobado ni le interesa por lo visto.<\/strong><\/p>\n<p style=\"text-align: justify;\">\u00abUna vez m\u00e1s asistimos al caos de las administraciones supuestamente p\u00fablicas,<strong> haciendo gala de una ignorancia tal que incluso consideran que la direcci\u00f3n de la entidad afectada (persona jur\u00eddica) es un dato personal<\/strong>, as\u00ed como el dato del jefe del servicio de coordinaci\u00f3n que promueve la paralizaci\u00f3n del expediente, por lo que entendemos que <strong>o desconocen profundamente la normativa de protecci\u00f3n de datos personales y transparencia, o act\u00faan de mala fe<\/strong>\u00ab, indicaron desde la asociaci\u00f3n.<\/p>\n<p style=\"text-align: justify;\">Por ello, desde DCA<strong> se ha solicitado expresamente copia del escrito remitido sin censurar,<\/strong> as\u00ed como documentaci\u00f3n administrativa relativa al nombramiento del cargo de Jefe del Servicio de Coordinaci\u00f3n y de la persona responsable de comprobar que las entidades beneficiarias de las subvenciones cumplen las obligaciones en materia de publicidad activa.<\/p>\n<p style=\"text-align: justify;\"><a href=\"https:\/\/democraciaactiva.eu\/wp-content\/uploads\/2017\/08\/95f34af611f18245ec8e73409b130057.jpg\"><img decoding=\"async\" loading=\"lazy\" class=\"aligncenter size-medium wp-image-1407\" src=\"https:\/\/democraciaactiva.eu\/wp-content\/uploads\/2017\/08\/95f34af611f18245ec8e73409b130057-300x279.jpg\" alt=\"\" width=\"300\" height=\"279\" \/><\/a><\/p>\n<p style=\"text-align: justify;\">\u00ab<strong>Si retrasando con excusas absurdas el acceso del ciudadano a la informaci\u00f3n pretenden aburrirlo tenemos malas noticias: Somos suficientemente pacientes y esos intentos de bloqueo s\u00f3lo hacen multiplicar nuestras dudas sobre sus pr\u00e1cticas, y con ello el volumen de peticiones para aclarar qu\u00e9 sucede<\/strong>. De este modo el volumen de peticiones ser\u00e1 proporcional al n\u00famero de intentos por bloquear nuestro acceso que encontremos\u00bb, finalizaron.<\/p>\n","protected":false},"excerpt":{"rendered":"<div class=\"mh-excerpt\"><p>Por parte de la Viceconsejer\u00eda de Igualdad y Pol\u00edticas Sociales de la Junta de Andaluc\u00eda se nos traslada que nuevamente se paraliza el plazo para <a class=\"mh-excerpt-more\" href=\"https:\/\/democraciaactiva.eu\/?p=1403\" title=\"Retrasan nuevamente la informaci\u00f3n sobre subvenciones a ASANSULL\">[&#8230;]<\/a><\/p>\n<\/div>","protected":false},"author":1,"featured_media":1405,"comment_status":"closed","ping_status":"open","sticky":false,"template":"","format":"standard","meta":[],"categories":[5,8,19],"tags":[],"_links":{"self":[{"href":"https:\/\/democraciaactiva.eu\/index.php?rest_route=\/wp\/v2\/posts\/1403"}],"collection":[{"href":"https:\/\/democraciaactiva.eu\/index.php?rest_route=\/wp\/v2\/posts"}],"about":[{"href":"https:\/\/democraciaactiva.eu\/index.php?rest_route=\/wp\/v2\/types\/post"}],"author":[{"embeddable":true,"href":"https:\/\/democraciaactiva.eu\/index.php?rest_route=\/wp\/v2\/users\/1"}],"replies":[{"embeddable":true,"href":"https:\/\/democraciaactiva.eu\/index.php?rest_route=%2Fwp%2Fv2%2Fcomments&post=1403"}],"version-history":[{"count":0,"href":"https:\/\/democraciaactiva.eu\/index.php?rest_route=\/wp\/v2\/posts\/1403\/revisions"}],"wp:featuredmedia":[{"embeddable":true,"href":"https:\/\/democraciaactiva.eu\/index.php?rest_route=\/"}],"wp:attachment":[{"href":"https:\/\/democraciaactiva.eu\/index.php?rest_route=%2Fwp%2Fv2%2Fmedia&parent=1403"}],"wp:term":[{"taxonomy":"category","embeddable":true,"href":"https:\/\/democraciaactiva.eu\/index.php?rest_route=%2Fwp%2Fv2%2Fcategories&post=1403"},{"taxonomy":"post_tag","embeddable":true,"href":"https:\/\/democraciaactiva.eu\/index.php?rest_route=%2Fwp%2Fv2%2Ftags&post=1403"}],"curies":[{"name":"wp","href":"https:\/\/api.w.org\/{rel}","templated":true}]}}