{"id":1395,"date":"2017-08-03T17:33:32","date_gmt":"2017-08-03T15:33:32","guid":{"rendered":"http:\/\/democraciaactiva.eu\/?p=1395"},"modified":"2017-08-03T17:33:32","modified_gmt":"2017-08-03T15:33:32","slug":"el-ayuntamiento-de-san-roque-obliga-a-ejecutar-la-sentencia-en-su-contra","status":"publish","type":"post","link":"https:\/\/democraciaactiva.eu\/?p=1395","title":{"rendered":"Piden la ejecuci\u00f3n de la Sentencia contra el Ayuntamiento de San Roque"},"content":{"rendered":"<p style=\"text-align: justify;\">Desde que <a href=\"https:\/\/democraciaactiva.eu\/?p=1307\">el Tribunal Supremo se pronunciara sobre la demanda de la Asociaci\u00f3n Defensa Ciudadana <\/a>Activa contra el Ayuntamiento de San Roque, solicitando la rectificaci\u00f3n de las informaciones falsas e inexactas contra este colectivo, el Consistorio no ha cumplido su obligaci\u00f3n.<\/p>\n<p style=\"text-align: justify;\">Desde DCA resaltan el hecho de que, pese a los a\u00f1os transcurridos, y haber recurrido el Consistorio hasta al Tribunal Supremo, <strong>finalmente ser\u00e1n obligados a rectificar las informaciones falsas contra esta Asociaci\u00f3n<\/strong>. \u00abLas administraciones p\u00fablicas, o mejor dicho <strong>sus gobernantes, no deber\u00edan utilizar los medios de todos para sus batallas particulares contra colectivos como el nuestro, no deber\u00edan confundir qui\u00e9n representa a qui\u00e9n, porque evidentemente estos gobernantes que mienten para ocultar sus chapuzas y tratar de perjudicar a asociaciones que no bailan con su m\u00fasica no nos representan.<\/strong> Alg\u00fan d\u00eda se dar\u00e1n cuenta tal vez que no somos pol\u00edticos con los que pueden jugar al \u00aby t\u00fa m\u00e1s\u00bb, que no buscamos votos ni sillones, y las t\u00e1cticas que habitualmente utilizan contra otras formaciones pol\u00edticas no les sirven de nada\u00bb.<a href=\"https:\/\/democraciaactiva.eu\/wp-content\/uploads\/2016\/04\/Sentencia-SR.jpg\"><br \/>\n<img decoding=\"async\" loading=\"lazy\" class=\"aligncenter size-medium wp-image-1158\" src=\"https:\/\/democraciaactiva.eu\/wp-content\/uploads\/2016\/04\/Sentencia-SR-300x185.jpg\" alt=\"\" width=\"300\" height=\"185\" \/><\/a><\/p>\n<p style=\"text-align: justify;\">Esta situaci\u00f3n no ha sorprendido al colectivo ya que \u00ab<strong>aunque era algo muy simple de cumplir, es habitual que no hagan caso a la justicia cuando demostramos que tenemos raz\u00f3n<\/strong>\u00ab. Por ello desde la secretar\u00eda de DCA se han iniciado los tr\u00e1mites para solicitar la ejecuci\u00f3n de sentencia, que obligar\u00e1 de esta forma a la publicaci\u00f3n de la rectificaci\u00f3n solicitada.<a href=\"https:\/\/democraciaactiva.eu\/wp-content\/uploads\/2016\/05\/Pagina4.jpg\"><img decoding=\"async\" loading=\"lazy\" class=\"aligncenter wp-image-1164 size-medium\" src=\"https:\/\/democraciaactiva.eu\/wp-content\/uploads\/2016\/05\/Pagina4-191x300.jpg\" alt=\"\" width=\"191\" height=\"300\" \/><\/a><a href=\"https:\/\/democraciaactiva.eu\/wp-content\/uploads\/2016\/05\/Pagina5.jpg\"><img decoding=\"async\" loading=\"lazy\" class=\"aligncenter size-medium wp-image-1165\" src=\"https:\/\/democraciaactiva.eu\/wp-content\/uploads\/2016\/05\/Pagina5-191x300.jpg\" alt=\"\" width=\"191\" height=\"300\" \/><\/a><\/p>\n<p style=\"text-align: justify;\">\u00abEs de p\u00fablico conocimiento que los medios municipales de comunicaci\u00f3n <strong>est\u00e1n s\u00f3lo al servicio de los gobernantes, y el incumplimiento de la sentencia ya firme es una muestra m\u00e1s de ello<\/strong>. Ojal\u00e1 existieran medios p\u00fablicos neutrales, pero <strong>por alguna extra\u00f1a raz\u00f3n siempre unos u otros acaban dejando a un lado la informaci\u00f3n veraz, contrastar las noticias pasa a ser algo pesado, y s\u00f3lo atienden a c\u00f3mo mostrar la mejor cara del gobernante, por muy falsa que sea<\/strong>\u00ab, comentaron.<\/p>\n<p style=\"text-align: justify;\">Lamentablemente, indicaron desde DCA, \u00e9ste puede no ser el \u00fanico tr\u00e1mite judicial que se abra contra el Consistorio o miembros de \u00e9ste, ya que \u00abtenemos <strong>demasiados expedientes abiertos con much\u00edsimas irregularidades sin aclarar<\/strong> que, una vez agotada la v\u00eda administrativa y cualquier plazo prudencial de respuesta, no tendr\u00e1n otra salida que acabar en los juzgados\u00bb, finalizaron.<\/p>\n","protected":false},"excerpt":{"rendered":"<div class=\"mh-excerpt\"><p>Desde que el Tribunal Supremo se pronunciara sobre la demanda de la Asociaci\u00f3n Defensa Ciudadana Activa contra el Ayuntamiento de San Roque, solicitando la rectificaci\u00f3n <a class=\"mh-excerpt-more\" href=\"https:\/\/democraciaactiva.eu\/?p=1395\" title=\"Piden la ejecuci\u00f3n de la Sentencia contra el Ayuntamiento de San Roque\">[&#8230;]<\/a><\/p>\n<\/div>","protected":false},"author":1,"featured_media":1158,"comment_status":"closed","ping_status":"open","sticky":false,"template":"","format":"standard","meta":[],"categories":[5,6,8],"tags":[],"_links":{"self":[{"href":"https:\/\/democraciaactiva.eu\/index.php?rest_route=\/wp\/v2\/posts\/1395"}],"collection":[{"href":"https:\/\/democraciaactiva.eu\/index.php?rest_route=\/wp\/v2\/posts"}],"about":[{"href":"https:\/\/democraciaactiva.eu\/index.php?rest_route=\/wp\/v2\/types\/post"}],"author":[{"embeddable":true,"href":"https:\/\/democraciaactiva.eu\/index.php?rest_route=\/wp\/v2\/users\/1"}],"replies":[{"embeddable":true,"href":"https:\/\/democraciaactiva.eu\/index.php?rest_route=%2Fwp%2Fv2%2Fcomments&post=1395"}],"version-history":[{"count":0,"href":"https:\/\/democraciaactiva.eu\/index.php?rest_route=\/wp\/v2\/posts\/1395\/revisions"}],"wp:featuredmedia":[{"embeddable":true,"href":"https:\/\/democraciaactiva.eu\/index.php?rest_route=\/"}],"wp:attachment":[{"href":"https:\/\/democraciaactiva.eu\/index.php?rest_route=%2Fwp%2Fv2%2Fmedia&parent=1395"}],"wp:term":[{"taxonomy":"category","embeddable":true,"href":"https:\/\/democraciaactiva.eu\/index.php?rest_route=%2Fwp%2Fv2%2Fcategories&post=1395"},{"taxonomy":"post_tag","embeddable":true,"href":"https:\/\/democraciaactiva.eu\/index.php?rest_route=%2Fwp%2Fv2%2Ftags&post=1395"}],"curies":[{"name":"wp","href":"https:\/\/api.w.org\/{rel}","templated":true}]}}