{"id":1386,"date":"2017-07-29T11:10:12","date_gmt":"2017-07-29T09:10:12","guid":{"rendered":"http:\/\/democraciaactiva.eu\/?p=1386"},"modified":"2017-07-29T11:10:12","modified_gmt":"2017-07-29T09:10:12","slug":"revolucion-analogica-en-la-diputacion-de-cadiz","status":"publish","type":"post","link":"https:\/\/democraciaactiva.eu\/?p=1386","title":{"rendered":"La revoluci\u00f3n \u00abanal\u00f3gica\u00bb en la Diputaci\u00f3n Provincial de C\u00e1diz"},"content":{"rendered":"<p style=\"text-align: justify;\">Desde hace a\u00f1os en DCA venimos utilizando comunicaciones 100% telem\u00e1ticas para comunicarnos con las administraciones p\u00fablicas, y exigi\u00e9ndolas igualmente, de modo que <strong>hemos conseguido que varias comiencen a utilizar estas v\u00edas con mayor o menor \u00e9xito y esfuerzo por su parte<\/strong>.<\/p>\n<p style=\"text-align: justify;\">Debido a las carencias de muchas de ellas, que <strong>no devuelven copia sellada de los adjuntos presentados<\/strong>, como es e<strong>l caso del Ayuntamiento de San Roque cuya Secretar\u00eda General adem\u00e1s insiste en que no deben sellarlos ni siquiera en su presentaci\u00f3n f\u00edsica<\/strong>, procuramos utilizar registros que nos permitan esa constancia, como el de la Diputaci\u00f3n Provincial de C\u00e1diz entre otros.<\/p>\n<p style=\"text-align: justify;\">Estas administraciones posteriormente deben remitir esos registros telem\u00e1ticos a sus destinatarios finales, que en su mayor\u00eda son administraciones locales.<\/p>\n<p style=\"text-align: justify;\">Desde que en 2.007 se aprobara la Ley de acceso electr\u00f3nico de los ciudadanos a los Servicios P\u00fablicos -hoy derogada por la Ley 39\/2015- , su disposici\u00f3n final tercera establec\u00eda la fecha de 31 de diciembre de 2.009 como tope para conseguir el acceso de la ciudadan\u00eda a esos servicios, y m\u00e1s concretamente de los derechos reconocidos en su art\u00edculo sexto, como la comunicaci\u00f3n exclusiva por medios telem\u00e1ticos.<\/p>\n<p style=\"text-align: justify;\">Posteriormente, la disposici\u00f3n adicional s\u00e9ptima de la Ley 2\/2011, de 4 de marzo, de Econom\u00eda Sostenible, a\u00f1adi\u00f3 un quinto apartado a dicha disposici\u00f3n final tercera, por el que obligaba a las administraciones que no pudieran cumplir en esa fecha a \u00abaprobar y hacer p\u00fablicos los programas y calendarios de trabajo precisos para ello, atendiendo a las respectivas previsiones presupuestarias, con menci\u00f3n particularizada de las fases en las que los diversos derechos ser\u00e1n exigibles por los ciudadanos.<\/p>\n<p style=\"text-align: justify;\">Para terminar el n\u00famero 2 de la citada disposici\u00f3n adicional s\u00e9ptima de la Ley 2\/2011 establec\u00eda que \u00ablos programas contemplados en el apartado anterior deber\u00e1n ser objeto de aprobaci\u00f3n y publicaci\u00f3n en el plazo de seis meses desde la entrada en vigor de la citada Ley\u00bb. Por supuesto, que sepamos hasta la fecha, ninguna de las administraciones p\u00fablicas consultadas lo hizo.<\/p>\n<p style=\"text-align: justify;\">Y llegamos a 2.016, cuando estas normas son derogadas por la Ley 39\/2015, entendemos que porque supuestamente todos los plazos y obligaciones se han cumplido, y se obliga ya a la administraci\u00f3n a realizar todos los procedimientos, todos los expedientes, de forma electr\u00f3nica, <strong>\u00bfy c\u00f3mo pillamos a las administraciones?&#8230;. pues con los deberes sin hacer<\/strong>, y escud\u00e1ndose en que tienen otros dos a\u00f1os m\u00e1s (seg\u00fan su interpretaci\u00f3n) para cumplir algo que deber\u00edan tener listo hace casi una d\u00e9cada&#8230;<\/p>\n<p style=\"text-align: justify;\">Es lo que llamamos la \u00abignorancia digital\u00bb, que en el caso de la Diputaci\u00f3n Provincial de C\u00e1diz, y otras administraciones que ser\u00e1n objeto de estudio diferenciado, resulta especialmente llamativo.<\/p>\n<p style=\"text-align: justify;\">Esta administraci\u00f3n provincial <strong>ha llevado a cabo una \u00abrevoluci\u00f3n anal\u00f3gica\u00bb<\/strong>, por la que aunque nosotros enviemos los documentos por v\u00eda telem\u00e1tica, a trav\u00e9s de su sede electr\u00f3nica, firmando con el certificado digital correspondiente&#8230; <strong>\u00bfqu\u00e9 ocurre luego con el documento?&#8230; pues que se imprime, se sella con tinta de toda la vida, y se env\u00eda por correo (sin certificar, por supuesto) a la administraci\u00f3n destinataria&#8230;<\/strong><\/p>\n<p style=\"text-align: justify;\">Hasta ah\u00ed la mayor\u00eda de las ocasiones podr\u00eda colar, como viene ocurriendo, pero hace unas semanas se remiti\u00f3 una al Ayuntamiento de Torrelodones que ha sido rechazada&#8230;. \u00bfel motivo?&#8230; Torrelodones alega que carec\u00eda de firma.<br \/>\n<a href=\"https:\/\/democraciaactiva.eu\/wp-content\/uploads\/2017\/07\/fc9d03ff57969c8fbf164d7a43db7fc0.jpg\"><img decoding=\"async\" loading=\"lazy\" class=\"aligncenter size-medium wp-image-1392\" src=\"https:\/\/democraciaactiva.eu\/wp-content\/uploads\/2017\/07\/fc9d03ff57969c8fbf164d7a43db7fc0-233x300.jpg\" alt=\"\" width=\"233\" height=\"300\" \/><\/a><\/p>\n<p style=\"text-align: justify;\">Como podemos observar, en este recorte del <strong>documento original<\/strong> que nos facilita la sede electr\u00f3nica de la Diputaci\u00f3n Provincial de C\u00e1diz, <strong>en la parte inferior aparecen dos l\u00edneas que contienen los c\u00f3digos necesarios para validar la firma electr\u00f3nica<\/strong>.<\/p>\n<p style=\"text-align: justify;\"><a href=\"https:\/\/democraciaactiva.eu\/wp-content\/uploads\/2017\/07\/Torre1-1.jpg\"><br \/>\n<img decoding=\"async\" loading=\"lazy\" class=\"aligncenter size-medium wp-image-1387\" src=\"https:\/\/democraciaactiva.eu\/wp-content\/uploads\/2017\/07\/Torre1-1-300x188.jpg\" alt=\"\" width=\"300\" height=\"188\" \/><\/a><\/p>\n<p style=\"text-align: justify;\">Sin embargo, si descargamos <strong>el registro que Torrelodones ha recibido<\/strong> y subido a su sede electr\u00f3nica (escaneado del recibido desde la Diputaci\u00f3n Provincial de C\u00e1diz), <strong>contiene varios sellos en la parte superior, de salida de la instituci\u00f3n provincial, pero&#8230; falta la \u00faltima l\u00ednea&#8230;<\/strong> justo la que contiene la firma electr\u00f3nica&#8230; y es que puede que en la \u00abconversi\u00f3n anal\u00f3gica\u00bb se les moviera el folio&#8230;<br \/>\n<a href=\"https:\/\/democraciaactiva.eu\/wp-content\/uploads\/2017\/07\/Torre2-1.jpg\"><img decoding=\"async\" loading=\"lazy\" class=\"aligncenter size-medium wp-image-1388\" src=\"https:\/\/democraciaactiva.eu\/wp-content\/uploads\/2017\/07\/Torre2-1-221x300.jpg\" alt=\"\" width=\"221\" height=\"300\" \/><\/a><\/p>\n<p style=\"text-align: justify;\"><strong>Evidentemente iniciaremos un expediente para comprobar c\u00f3mo pueden darse estas situaciones, cuya responsabilidad es totalmente ajena a los ciudadanos que utilizan confiadamente las sedes electr\u00f3nicas, pero puede resultar gravemente perjudicados si en alg\u00fan momento las administraciones anulan los escritos que presenten por este tipo de errores.<\/strong><\/p>\n","protected":false},"excerpt":{"rendered":"<div class=\"mh-excerpt\"><p>Desde hace a\u00f1os en DCA venimos utilizando comunicaciones 100% telem\u00e1ticas para comunicarnos con las administraciones p\u00fablicas, y exigi\u00e9ndolas igualmente, de modo que hemos conseguido que <a class=\"mh-excerpt-more\" href=\"https:\/\/democraciaactiva.eu\/?p=1386\" title=\"La revoluci\u00f3n \u00abanal\u00f3gica\u00bb en la Diputaci\u00f3n Provincial de C\u00e1diz\">[&#8230;]<\/a><\/p>\n<\/div>","protected":false},"author":1,"featured_media":1388,"comment_status":"closed","ping_status":"open","sticky":false,"template":"","format":"standard","meta":[],"categories":[4,5,12],"tags":[],"_links":{"self":[{"href":"https:\/\/democraciaactiva.eu\/index.php?rest_route=\/wp\/v2\/posts\/1386"}],"collection":[{"href":"https:\/\/democraciaactiva.eu\/index.php?rest_route=\/wp\/v2\/posts"}],"about":[{"href":"https:\/\/democraciaactiva.eu\/index.php?rest_route=\/wp\/v2\/types\/post"}],"author":[{"embeddable":true,"href":"https:\/\/democraciaactiva.eu\/index.php?rest_route=\/wp\/v2\/users\/1"}],"replies":[{"embeddable":true,"href":"https:\/\/democraciaactiva.eu\/index.php?rest_route=%2Fwp%2Fv2%2Fcomments&post=1386"}],"version-history":[{"count":0,"href":"https:\/\/democraciaactiva.eu\/index.php?rest_route=\/wp\/v2\/posts\/1386\/revisions"}],"wp:featuredmedia":[{"embeddable":true,"href":"https:\/\/democraciaactiva.eu\/index.php?rest_route=\/"}],"wp:attachment":[{"href":"https:\/\/democraciaactiva.eu\/index.php?rest_route=%2Fwp%2Fv2%2Fmedia&parent=1386"}],"wp:term":[{"taxonomy":"category","embeddable":true,"href":"https:\/\/democraciaactiva.eu\/index.php?rest_route=%2Fwp%2Fv2%2Fcategories&post=1386"},{"taxonomy":"post_tag","embeddable":true,"href":"https:\/\/democraciaactiva.eu\/index.php?rest_route=%2Fwp%2Fv2%2Ftags&post=1386"}],"curies":[{"name":"wp","href":"https:\/\/api.w.org\/{rel}","templated":true}]}}