{"id":1372,"date":"2017-07-17T18:45:47","date_gmt":"2017-07-17T16:45:47","guid":{"rendered":"http:\/\/democraciaactiva.eu\/?p=1372"},"modified":"2017-07-17T18:45:47","modified_gmt":"2017-07-17T16:45:47","slug":"el-sacrificio-de-jabalies-en-torrelodones-cae-en-multiples-contradicciones","status":"publish","type":"post","link":"https:\/\/democraciaactiva.eu\/?p=1372","title":{"rendered":"El sacrificio de jabal\u00edes en Torrelodones cae en m\u00faltiples contradicciones."},"content":{"rendered":"<p style=\"text-align: justify;\">Desde la Asociaci\u00f3n Defensa Ciudadana Activa <strong>se ha solicitado informaci\u00f3n al Ayuntamiento de Torrelodones por el sacrificio en las \u00faltimas semanas de una decena de jabal\u00edes<\/strong> que sol\u00edan acercarse al casco urbano. Seg\u00fan los indicios <strong>hasta la fecha los animales no eran agresivos ni peligrosos, ni se les realiz\u00f3 an\u00e1lisis alguno que pudiera determinar enfermedad<\/strong>, lo que no impidi\u00f3 que, seg\u00fan la versi\u00f3n dada por el Concejal de Medio Ambiente en sesi\u00f3n plenaria, <strong>los atrajeran con alimento hasta capturarlos para d\u00edas m\u00e1s tarde ser sacrificados<\/strong>.<a href=\"https:\/\/democraciaactiva.eu\/wp-content\/uploads\/2017\/07\/17581.jpg\"><img decoding=\"async\" loading=\"lazy\" class=\"aligncenter wp-image-1375 size-medium\" src=\"https:\/\/democraciaactiva.eu\/wp-content\/uploads\/2017\/07\/17581-219x300.jpg\" alt=\"\" width=\"219\" height=\"300\" \/><\/a><\/p>\n<p style=\"text-align: justify;\">Las primeras informaciones apuntaban a que la Comunidad de Madrid no autorizaba el traslado a otro lugar de los animales, algo que ha sido <strong>desmentido por el propio Director General de Medio Ambiente<\/strong> de la Comunidad de Madrid. Igualmente la versi\u00f3n dada por el edil responsable en Pleno sobre la forma de captura y sacrificio <strong>contradice la dada por la Alcaldesa a la revista \u00abJara y Sedal\u00bb<\/strong>, en la que afirma que fueron abatidos mediante arcos. Por ello, desde DCA entienden que es precisa una aclaraci\u00f3n, \u00abque s\u00f3lo puede venir de la documentaci\u00f3n existente dadas las discrepancias entre las declaraciones de los responsables\u00bb.<\/p>\n<p style=\"text-align: justify;\">Por otro lado la Alcaldesa inform\u00f3 a la citada revista, adem\u00e1s de la caza mediante arco de los jabal\u00edes en un municipio en el que al parecer hay una ordenanza que proh\u00edbe la caza, que exist\u00eda una \u00abpotente epidemia de tuberculosis\u00bb, as\u00ed como que se realizaban <strong>hasta 79 avistamientos diarios<\/strong> de jabal\u00edes, aunque <strong>se desconoce si se refiere a 79 jabal\u00edes en puntos distintos de la ciudad, o a un vecino que telefone\u00f3 79 veces por haber visto al mismo jabal\u00ed.<\/strong><\/p>\n<p style=\"text-align: justify;\">De este modo, tras la petici\u00f3n inicial de documentaci\u00f3n relativa al expediente por el que se sacrific\u00f3 a los animales, incluyendo datos como <strong>presupuesto y materiales empleados<\/strong>, as\u00ed como todo tipo de comunicaciones escritas, se ha solicitado copia de<strong> los dos expedientes de 3 mil euros referidos por la Alcaldesa en sus declaraciones p\u00fablicas<\/strong>, documentaci\u00f3n justificativa de los d\u00edas en que se hayan tenido m\u00e1s de 70 avistamientos diarios, y de la documentaci\u00f3n relativa a la<strong> caza con arco de los animales.<a href=\"https:\/\/democraciaactiva.eu\/wp-content\/uploads\/2017\/07\/17583.jpg\"><img decoding=\"async\" loading=\"lazy\" class=\"aligncenter wp-image-1377 size-medium\" src=\"https:\/\/democraciaactiva.eu\/wp-content\/uploads\/2017\/07\/17583-219x300.jpg\" alt=\"\" width=\"219\" height=\"300\" \/><\/a><a href=\"https:\/\/democraciaactiva.eu\/wp-content\/uploads\/2017\/07\/17583-2.jpg\"><img decoding=\"async\" loading=\"lazy\" class=\"aligncenter wp-image-1376 size-medium\" src=\"https:\/\/democraciaactiva.eu\/wp-content\/uploads\/2017\/07\/17583-2-300x136.jpg\" alt=\"\" width=\"300\" height=\"136\" \/><\/a><\/strong><\/p>\n<p style=\"text-align: justify;\">Dados los plazos marcados por la Ley de Transparencia, desde DCA aguardar\u00e1n a recibir esta documentaci\u00f3n a lo largo del pr\u00f3ximo mes de agosto, procediendo con la reclamaci\u00f3n administrativa en caso de que el Consistorio decidiera mantener silencio.<\/p>\n","protected":false},"excerpt":{"rendered":"<div class=\"mh-excerpt\"><p>Desde la Asociaci\u00f3n Defensa Ciudadana Activa se ha solicitado informaci\u00f3n al Ayuntamiento de Torrelodones por el sacrificio en las \u00faltimas semanas de una decena de <a class=\"mh-excerpt-more\" href=\"https:\/\/democraciaactiva.eu\/?p=1372\" title=\"El sacrificio de jabal\u00edes en Torrelodones cae en m\u00faltiples contradicciones.\">[&#8230;]<\/a><\/p>\n<\/div>","protected":false},"author":1,"featured_media":1377,"comment_status":"closed","ping_status":"open","sticky":false,"template":"","format":"standard","meta":[],"categories":[14,19],"tags":[],"_links":{"self":[{"href":"https:\/\/democraciaactiva.eu\/index.php?rest_route=\/wp\/v2\/posts\/1372"}],"collection":[{"href":"https:\/\/democraciaactiva.eu\/index.php?rest_route=\/wp\/v2\/posts"}],"about":[{"href":"https:\/\/democraciaactiva.eu\/index.php?rest_route=\/wp\/v2\/types\/post"}],"author":[{"embeddable":true,"href":"https:\/\/democraciaactiva.eu\/index.php?rest_route=\/wp\/v2\/users\/1"}],"replies":[{"embeddable":true,"href":"https:\/\/democraciaactiva.eu\/index.php?rest_route=%2Fwp%2Fv2%2Fcomments&post=1372"}],"version-history":[{"count":0,"href":"https:\/\/democraciaactiva.eu\/index.php?rest_route=\/wp\/v2\/posts\/1372\/revisions"}],"wp:featuredmedia":[{"embeddable":true,"href":"https:\/\/democraciaactiva.eu\/index.php?rest_route=\/"}],"wp:attachment":[{"href":"https:\/\/democraciaactiva.eu\/index.php?rest_route=%2Fwp%2Fv2%2Fmedia&parent=1372"}],"wp:term":[{"taxonomy":"category","embeddable":true,"href":"https:\/\/democraciaactiva.eu\/index.php?rest_route=%2Fwp%2Fv2%2Fcategories&post=1372"},{"taxonomy":"post_tag","embeddable":true,"href":"https:\/\/democraciaactiva.eu\/index.php?rest_route=%2Fwp%2Fv2%2Ftags&post=1372"}],"curies":[{"name":"wp","href":"https:\/\/api.w.org\/{rel}","templated":true}]}}