{"id":1364,"date":"2017-07-07T16:28:58","date_gmt":"2017-07-07T14:28:58","guid":{"rendered":"http:\/\/democraciaactiva.eu\/?p=1364"},"modified":"2017-07-07T16:28:58","modified_gmt":"2017-07-07T14:28:58","slug":"madrid-accesible-u-otra-administracion-pantalla-mas","status":"publish","type":"post","link":"https:\/\/democraciaactiva.eu\/?p=1364","title":{"rendered":"\u00bfMadrid accesible u otra administraci\u00f3n pantalla m\u00e1s?"},"content":{"rendered":"<p style=\"text-align: justify;\">Algo falla si hay que estar forzando a las administraciones para que cumplan su funci\u00f3n, y en Madrid tenemos nuestras dudas sobre qu\u00e9 utilidad tiene el Consejo para la Promoci\u00f3n de la Accesibilidad y Supresi\u00f3n de Barreras de la Comunidad de Madrid. Con un nombre tan largo como el n\u00famero de veces que hay que llamar para que atienda alguien, su utilidad de momento la ponemos en cuarentena por su falta de actuaciones.<\/p>\n<p style=\"text-align: justify;\">Nuestra experiencia con esta administraci\u00f3n comienza en noviembre del 2.016, cuando se les remite una denuncia por las infracciones detectadas en el municipio de Torrelodones, indicando expresamente la normativa que entendemos vulnerada. Tras algunas comunicaciones con la secretaria del Consejo <strong>nos indica que han comprobado que efectivamente existen esas infracciones y se ponen en contacto con el Ayuntamiento para solventarlas<\/strong>. Eso ser\u00eda a finales del pasado a\u00f1o.<a href=\"https:\/\/democraciaactiva.eu\/wp-content\/uploads\/2017\/07\/Torrelodones1.jpg\"><img decoding=\"async\" loading=\"lazy\" class=\"aligncenter size-medium wp-image-1367\" src=\"https:\/\/democraciaactiva.eu\/wp-content\/uploads\/2017\/07\/Torrelodones1-255x300.jpg\" alt=\"\" width=\"255\" height=\"300\" \/><\/a><\/p>\n<p style=\"text-align: justify;\">Dada la respuesta verbal, este expediente entra en nuestro protocolo como seguimiento, y en meses posteriores se insiste en la necesidad de obtener una respuesta escrita que nunca llega. <strong>Finalmente la secretaria del Consejo cambia de opini\u00f3n y resta importancia a las infracciones,<\/strong>\u00a0insinuando que <strong>aunque no son \u00e9ticos los cambios que denunciamos, podr\u00edan ser legales<\/strong>. De hecho, incluso <strong>indica que no ha pasado por el Consejo porque entend\u00edan que no ten\u00eda importancia para \u00e9ste<\/strong>, algo totalmente contrario a sus primeras indicaciones.<\/p>\n<p style=\"text-align: justify;\">Dada la falta de conocimiento sobre el funcionamiento, funciones, y normativa aplicable a este Consejo de Promoci\u00f3n de la Accesibilidad, y la negativa de respuesta, avanzamos pasos en nuestro protocolo solicitando cuanta informaci\u00f3n necesitemos para comprender qu\u00e9 ocurre. Esta petici\u00f3n ya no es contra ning\u00fan Ayuntamiento, si no una <strong>petici\u00f3n de documentos del propio Consejo de Accesibilidad<\/strong>, que se remite el 12 de mayo pasado. Es decir, seis meses despu\u00e9s de la denuncia inicial.<\/p>\n<p><a href=\"https:\/\/democraciaactiva.eu\/wp-content\/uploads\/2017\/07\/Torrelodones2.jpg\"><img decoding=\"async\" loading=\"lazy\" class=\"aligncenter size-medium wp-image-1366\" src=\"https:\/\/democraciaactiva.eu\/wp-content\/uploads\/2017\/07\/Torrelodones2-208x300.jpg\" alt=\"\" width=\"208\" height=\"300\" \/><\/a><\/p>\n<p style=\"text-align: justify;\">Posteriores intentos de contacto con el Consejo parecen imposibles, ya que nadie atiende al tel\u00e9fono y no responden los correos, por lo que el protocolo sigue clasificando la administraci\u00f3n como \u00ab<strong>hostil con el ciudadano\u00bb (no responde a las peticiones, dando solo respuestas verbales incoherentes)<\/strong>, y transcurrido el plazo legal previsto (el 14 de junio) el expediente pasa a reclamaci\u00f3n ante el Consejo de Transparencia estatal, que asume las funciones en la Comunidad de Madrid. <a href=\"https:\/\/democraciaactiva.eu\/wp-content\/uploads\/2017\/07\/Torrelodones3.jpg\"><img decoding=\"async\" loading=\"lazy\" class=\"aligncenter size-medium wp-image-1365\" src=\"https:\/\/democraciaactiva.eu\/wp-content\/uploads\/2017\/07\/Torrelodones3-271x300.jpg\" alt=\"\" width=\"271\" height=\"300\" \/><\/a>El Consejo de Transparencia recibe nuestra petici\u00f3n el mismo d\u00eda, ya que admiten el env\u00edo de notificaciones firmadas telem\u00e1ticamente mediante correo electr\u00f3nico, y probablemente en d\u00edas posteriores remiti\u00f3, como suelen hacer con su protocolo, petici\u00f3n del expediente al Consejo para la Promoci\u00f3n de la Accesibilidad en Madrid.<\/p>\n<p style=\"text-align: justify;\">Curiosamente, unas semanas despu\u00e9s, tras m\u00e1s de siete meses sin respuesta, <strong>recibimos el primer escrito de este Consejo<\/strong> firmado por la misma secretaria que restaba importancia al tema porque no era cuesti\u00f3n del Consejo seg\u00fan nos dijo, \u00abagradeci\u00e9ndonos\u00bb nuestra denuncia e informando de las gestiones que han llevado a cabo (ahora) as\u00ed como que nos indicar\u00edan cualquier resultado en el futuro&#8230; \u00bfde verdad ha necesitado siete meses para tramitar una simple denuncia?, <strong>\u00bfhabr\u00e1 tenido algo que ver el que continuemos nuestro protocolo para saber c\u00f3mo funcionan y qu\u00e9 ha ocurrido con esta respuesta?, \u00bfqu\u00e9 ocurrir\u00e1 a los ciudadanos que no se encuentren suficientemente organizados como para hacer un seguimiento?<\/strong><\/p>\n<p style=\"text-align: justify;\"><strong><a href=\"https:\/\/democraciaactiva.eu\/wp-content\/uploads\/2017\/07\/Torre1.jpg\"><img decoding=\"async\" loading=\"lazy\" class=\"aligncenter size-medium wp-image-1368\" src=\"https:\/\/democraciaactiva.eu\/wp-content\/uploads\/2017\/07\/Torre1-211x300.jpg\" alt=\"\" width=\"211\" height=\"300\" \/><\/a><a href=\"https:\/\/democraciaactiva.eu\/wp-content\/uploads\/2017\/07\/Torre2.jpg\"><img decoding=\"async\" loading=\"lazy\" class=\"aligncenter size-medium wp-image-1369\" src=\"https:\/\/democraciaactiva.eu\/wp-content\/uploads\/2017\/07\/Torre2-216x300.jpg\" alt=\"\" width=\"216\" height=\"300\" \/><\/a> <\/strong><\/p>\n<p style=\"text-align: justify;\">Desconocemos qu\u00e9 resultado tendr\u00e1 la denuncia, ya nos lo dir\u00e1n, pero la documentaci\u00f3n solicitada v\u00eda Consejo de Transparencia la deber\u00e1n entregar s\u00ed o s\u00ed, y adem\u00e1s como administraci\u00f3n \u00abhostil\u00bb se pasar\u00e1 queja al Defensor del Pueblo con los datos del expediente por lo que entendemos una negligente actuaci\u00f3n de esta administraci\u00f3n p\u00fablica. <strong>Si los ciudadanos pagamos esas administraciones queremos resultados, no palmaditas.<\/strong><\/p>\n","protected":false},"excerpt":{"rendered":"<div class=\"mh-excerpt\"><p>Algo falla si hay que estar forzando a las administraciones para que cumplan su funci\u00f3n, y en Madrid tenemos nuestras dudas sobre qu\u00e9 utilidad tiene <a class=\"mh-excerpt-more\" href=\"https:\/\/democraciaactiva.eu\/?p=1364\" title=\"\u00bfMadrid accesible u otra administraci\u00f3n pantalla m\u00e1s?\">[&#8230;]<\/a><\/p>\n<\/div>","protected":false},"author":1,"featured_media":1368,"comment_status":"closed","ping_status":"open","sticky":false,"template":"","format":"standard","meta":[],"categories":[3,5,8,16],"tags":[],"_links":{"self":[{"href":"https:\/\/democraciaactiva.eu\/index.php?rest_route=\/wp\/v2\/posts\/1364"}],"collection":[{"href":"https:\/\/democraciaactiva.eu\/index.php?rest_route=\/wp\/v2\/posts"}],"about":[{"href":"https:\/\/democraciaactiva.eu\/index.php?rest_route=\/wp\/v2\/types\/post"}],"author":[{"embeddable":true,"href":"https:\/\/democraciaactiva.eu\/index.php?rest_route=\/wp\/v2\/users\/1"}],"replies":[{"embeddable":true,"href":"https:\/\/democraciaactiva.eu\/index.php?rest_route=%2Fwp%2Fv2%2Fcomments&post=1364"}],"version-history":[{"count":0,"href":"https:\/\/democraciaactiva.eu\/index.php?rest_route=\/wp\/v2\/posts\/1364\/revisions"}],"wp:featuredmedia":[{"embeddable":true,"href":"https:\/\/democraciaactiva.eu\/index.php?rest_route=\/"}],"wp:attachment":[{"href":"https:\/\/democraciaactiva.eu\/index.php?rest_route=%2Fwp%2Fv2%2Fmedia&parent=1364"}],"wp:term":[{"taxonomy":"category","embeddable":true,"href":"https:\/\/democraciaactiva.eu\/index.php?rest_route=%2Fwp%2Fv2%2Fcategories&post=1364"},{"taxonomy":"post_tag","embeddable":true,"href":"https:\/\/democraciaactiva.eu\/index.php?rest_route=%2Fwp%2Fv2%2Ftags&post=1364"}],"curies":[{"name":"wp","href":"https:\/\/api.w.org\/{rel}","templated":true}]}}