{"id":1346,"date":"2017-05-23T17:27:54","date_gmt":"2017-05-23T15:27:54","guid":{"rendered":"http:\/\/democraciaactiva.eu\/?p=1346"},"modified":"2017-05-23T17:27:54","modified_gmt":"2017-05-23T15:27:54","slug":"detectan-bajas-indebidas-del-padron-municipal-de-san-roque","status":"publish","type":"post","link":"https:\/\/democraciaactiva.eu\/?p=1346","title":{"rendered":"Detectan bajas indebidas del padr\u00f3n municipal de San Roque"},"content":{"rendered":"<p style=\"text-align: justify;\">La Asociaci\u00f3n Defensa Ciudadana Activa ha solicitado al Ayuntamiento de San Roque diversa documentaci\u00f3n y copia de expedientes por <strong>bajas de ciudadanos comunitarios durante el \u00faltimo a\u00f1o<\/strong>. Estas bajas al parecer se habr\u00edan producido <strong>tras\u00a0no comprobar el\u00a0Consistorio la residencia de los vecinos<\/strong>, procediendo a darles de baja sin notificarles la apertura de expediente ni darles plazo de alegaciones.<\/p>\n<p style=\"text-align: justify;\">Tras recibir las primeras quejas, desde DCA se contact\u00f3 con el Instituto Nacional de Estad\u00edstica para conocer qu\u00e9 podr\u00eda haber sucedido, dado que desde el Ayuntamiento de San Roque la primera explicaci\u00f3n recibida fue que \u00abeso viene de C\u00e1diz\u00bb.<\/p>\n<p style=\"text-align: justify;\"><a href=\"https:\/\/democraciaactiva.eu\/wp-content\/uploads\/2017\/05\/Ayuntamiento.jpg\"><img decoding=\"async\" loading=\"lazy\" class=\"aligncenter size-medium wp-image-1347\" src=\"https:\/\/democraciaactiva.eu\/wp-content\/uploads\/2017\/05\/Ayuntamiento-300x200.jpg\" alt=\"\" width=\"300\" height=\"200\" \/><\/a><\/p>\n<p style=\"text-align: justify;\">Desde el INE se inform\u00f3 de los procedimientos para la renovaci\u00f3n o baja en el padr\u00f3n de los extranjeros, que es muy diferente en el caso de que sea comunitario o no. De este modo, mientras los no comunitarios deben renovar con cierta documentaci\u00f3n su residencia, los ciudadanos comunitarios no tienen ninguna obligaci\u00f3n de presentar documentaci\u00f3n alguna, siendo las administraciones quienes deben comprobar, bien enviando agentes de Polic\u00eda Local, bien comprobando las gestiones que realizan los ciudadanos en sus dependencias, o por cualquier otro medio, si han dejado de residir en la zona. \u00abPor tanto <strong>no son los ciudadanos comunitarios\u00a0quienes deben demostrar que residen a\u00fan<\/strong>, si no la administraci\u00f3n local la que debe comprobar de modo fehaciente\u00a0que no residen y, en todo caso, <strong>notificarles el inicio de los expedientes de baja y darles un plazo de alegaciones, algo que ya se ha confirmado desde el Consistorio que no se viene realizando<\/strong>.\u00bb<\/p>\n<p style=\"text-align: justify;\">Adem\u00e1s de\u00a0la documentaci\u00f3n relativa a la gesti\u00f3n de los expedientes de baja, desde DCA s<strong>e ha solicitado la identificaci\u00f3n de los responsables de estas tramitaciones<\/strong>, en vista de que \u00aben caso de que la administraci\u00f3n local no anule de oficio esas bajas devolviendo a los ciudadanos a su situaci\u00f3n original, podr\u00edan ocasionar un grave da\u00f1o a los afectados, que <strong>estar\u00edan en su derecho de proceder contra los responsables<\/strong>. Desde DCA pensamos que no todo debe pagarlo siempre la administraci\u00f3n p\u00fablica, es decir, los contribuyentes, ya que de ese modo avalamos los errores y las continuas trabas para su soluci\u00f3n mientras los responsables se escudan tras las arcas municipales\u00bb, finalizaron.<\/p>\n","protected":false},"excerpt":{"rendered":"<div class=\"mh-excerpt\"><p>La Asociaci\u00f3n Defensa Ciudadana Activa ha solicitado al Ayuntamiento de San Roque diversa documentaci\u00f3n y copia de expedientes por bajas de ciudadanos comunitarios durante el <a class=\"mh-excerpt-more\" href=\"https:\/\/democraciaactiva.eu\/?p=1346\" title=\"Detectan bajas indebidas del padr\u00f3n municipal de San Roque\">[&#8230;]<\/a><\/p>\n<\/div>","protected":false},"author":1,"featured_media":1347,"comment_status":"closed","ping_status":"open","sticky":false,"template":"","format":"standard","meta":[],"categories":[5,8],"tags":[],"_links":{"self":[{"href":"https:\/\/democraciaactiva.eu\/index.php?rest_route=\/wp\/v2\/posts\/1346"}],"collection":[{"href":"https:\/\/democraciaactiva.eu\/index.php?rest_route=\/wp\/v2\/posts"}],"about":[{"href":"https:\/\/democraciaactiva.eu\/index.php?rest_route=\/wp\/v2\/types\/post"}],"author":[{"embeddable":true,"href":"https:\/\/democraciaactiva.eu\/index.php?rest_route=\/wp\/v2\/users\/1"}],"replies":[{"embeddable":true,"href":"https:\/\/democraciaactiva.eu\/index.php?rest_route=%2Fwp%2Fv2%2Fcomments&post=1346"}],"version-history":[{"count":0,"href":"https:\/\/democraciaactiva.eu\/index.php?rest_route=\/wp\/v2\/posts\/1346\/revisions"}],"wp:featuredmedia":[{"embeddable":true,"href":"https:\/\/democraciaactiva.eu\/index.php?rest_route=\/"}],"wp:attachment":[{"href":"https:\/\/democraciaactiva.eu\/index.php?rest_route=%2Fwp%2Fv2%2Fmedia&parent=1346"}],"wp:term":[{"taxonomy":"category","embeddable":true,"href":"https:\/\/democraciaactiva.eu\/index.php?rest_route=%2Fwp%2Fv2%2Fcategories&post=1346"},{"taxonomy":"post_tag","embeddable":true,"href":"https:\/\/democraciaactiva.eu\/index.php?rest_route=%2Fwp%2Fv2%2Ftags&post=1346"}],"curies":[{"name":"wp","href":"https:\/\/api.w.org\/{rel}","templated":true}]}}