{"id":1339,"date":"2017-05-17T18:24:46","date_gmt":"2017-05-17T16:24:46","guid":{"rendered":"http:\/\/democraciaactiva.eu\/?p=1339"},"modified":"2017-05-17T18:24:46","modified_gmt":"2017-05-17T16:24:46","slug":"dca-pide-mas-datos-a-diputacion-sobre-el-cierre-de-la-residencia-de-la-linea","status":"publish","type":"post","link":"https:\/\/democraciaactiva.eu\/?p=1339","title":{"rendered":"DCA pide m\u00e1s datos a Diputaci\u00f3n sobre el cierre de la Residencia de La L\u00ednea"},"content":{"rendered":"<p style=\"text-align: justify;\">La Asociaci\u00f3n Defensa Ciudadana Activa ha solicitado estos d\u00edas ampliar la petici\u00f3n de datos que realiz\u00f3 a la Diputaci\u00f3n de C\u00e1diz meses atr\u00e1s para completar el expediente informativo que mantienen sobre el cierre de la residencia de mayores de La L\u00ednea de la Concepci\u00f3n (C\u00e1diz).<\/p>\n<p style=\"text-align: justify;\"><a href=\"https:\/\/democraciaactiva.eu\/wp-content\/uploads\/2017\/05\/Residencia.jpg\"><img decoding=\"async\" loading=\"lazy\" class=\"aligncenter wp-image-1340 size-medium\" src=\"https:\/\/democraciaactiva.eu\/wp-content\/uploads\/2017\/05\/Residencia-300x200.jpg\" alt=\"\" width=\"300\" height=\"200\" \/><\/a><\/p>\n<p style=\"text-align: justify;\">Tras solicitar datos econ\u00f3micos sobre\u00a0la privatizaci\u00f3n del servicio de asistencia, ahora en manos de ASANSULL, en esta ocasi\u00f3n DCA solicita los documentos t\u00e9cnicos y presupuestos iniciales de la residencia que se inici\u00f3 en Santa Margarita. Adem\u00e1s, solicitan los informes y documentaci\u00f3n que concluyeron con la paralizaci\u00f3n de las obras, y por \u00faltimo los documentos y presupuestos actuales que se est\u00e1n utilizando para anunciar la finalizaci\u00f3n\u00a0de las obras en los pr\u00f3ximos a\u00f1os.<\/p>\n<p style=\"text-align: justify;\">\u00ab<strong>Queremos tener toda la informaci\u00f3n ya que es un proyecto bastante grande que ha sufrido demasiadas irregularidades, y que dudamos se haya gestionado de la forma m\u00e1s eficiente<\/strong>\u00ab, indicaron.<\/p>\n<p style=\"text-align: justify;\"><a href=\"https:\/\/democraciaactiva.eu\/wp-content\/uploads\/2017\/05\/Solicitud.jpg\"><img decoding=\"async\" loading=\"lazy\" class=\"aligncenter wp-image-1341 size-medium\" src=\"https:\/\/democraciaactiva.eu\/wp-content\/uploads\/2017\/05\/Solicitud-300x290.jpg\" alt=\"\" width=\"300\" height=\"290\" \/><\/a><\/p>\n<p style=\"text-align: justify;\">Desde el colectivo ciudadano se\u00a0pide, <strong>adem\u00e1s de la aportaci\u00f3n al grupo ASANSULL de aproximadamente 600 mil euros anuales que corresponder\u00edan al convenio para el cierre de la residencia p\u00fablica existente, el n\u00famero e importes de las subvenciones que se hayan aportado en los \u00faltimos a\u00f1os a estas actividades en el municipio.<\/strong> \u00abNuestros socios nos hacen llegar su inquietud por la <strong>paulatina privatizaci\u00f3n de servicios<\/strong> y como m\u00ednimo creemos que debe conocerse el coste que tienen para el ciudadano, de modo que pueda compararse con el coste actual de esos mismos servicios en otras instalaciones p\u00fablicas.\u00bb<\/p>\n<p style=\"text-align: justify;\">DCA insiste adem\u00e1s en que \u00abquiz\u00e1s no tengan que remitirnos documentaci\u00f3n porque, dependiendo del importe de lo subvencionado, creemos que\u00a0<strong>algunas entidades entrar\u00edan en el \u00e1mbito de actuaci\u00f3n de la Ley de Transparencia, y deber\u00edan tener publicados en su p\u00e1gina web estos datos econ\u00f3micos<\/strong>\u00ab, aunque esperan de la administraci\u00f3n p\u00fablica confirmaci\u00f3n, \u00abteniendo en cuenta <strong>su inter\u00e9s por el respeto de la normativa y\u00a0la obligada supervisi\u00f3n de las entidades beneficiadas<\/strong>\u00ab.<\/p>\n<p style=\"text-align: justify;\">Por \u00faltimo DCA solicit\u00f3 tambi\u00e9n el sobrecoste que est\u00e1 teniendo para la Diputaci\u00f3n el traslado de los trabajadores de la residencia de La L\u00ednea a otros puestos de la provincia, ya que \u00abeso deber\u00eda sumarse al coste de la privatizaci\u00f3n. <strong>Lamentablemente no podemos valorar el coste que tiene para ellos este cambio, sobre todo por la cantidad de horas que pasan actualmente en carretera<\/strong>, pero como m\u00ednimo debemos conocer qu\u00e9 n\u00fameros\u00a0ha utilizado la administraci\u00f3n p\u00fablica para que le salga favorable privatizar un servicio tan esencial como la asistencia a mayores.<\/p>\n","protected":false},"excerpt":{"rendered":"<div class=\"mh-excerpt\"><p>La Asociaci\u00f3n Defensa Ciudadana Activa ha solicitado estos d\u00edas ampliar la petici\u00f3n de datos que realiz\u00f3 a la Diputaci\u00f3n de C\u00e1diz meses atr\u00e1s para completar <a class=\"mh-excerpt-more\" href=\"https:\/\/democraciaactiva.eu\/?p=1339\" title=\"DCA pide m\u00e1s datos a Diputaci\u00f3n sobre el cierre de la Residencia de La L\u00ednea\">[&#8230;]<\/a><\/p>\n<\/div>","protected":false},"author":1,"featured_media":1340,"comment_status":"closed","ping_status":"open","sticky":false,"template":"","format":"standard","meta":[],"categories":[5,19],"tags":[],"_links":{"self":[{"href":"https:\/\/democraciaactiva.eu\/index.php?rest_route=\/wp\/v2\/posts\/1339"}],"collection":[{"href":"https:\/\/democraciaactiva.eu\/index.php?rest_route=\/wp\/v2\/posts"}],"about":[{"href":"https:\/\/democraciaactiva.eu\/index.php?rest_route=\/wp\/v2\/types\/post"}],"author":[{"embeddable":true,"href":"https:\/\/democraciaactiva.eu\/index.php?rest_route=\/wp\/v2\/users\/1"}],"replies":[{"embeddable":true,"href":"https:\/\/democraciaactiva.eu\/index.php?rest_route=%2Fwp%2Fv2%2Fcomments&post=1339"}],"version-history":[{"count":0,"href":"https:\/\/democraciaactiva.eu\/index.php?rest_route=\/wp\/v2\/posts\/1339\/revisions"}],"wp:featuredmedia":[{"embeddable":true,"href":"https:\/\/democraciaactiva.eu\/index.php?rest_route=\/"}],"wp:attachment":[{"href":"https:\/\/democraciaactiva.eu\/index.php?rest_route=%2Fwp%2Fv2%2Fmedia&parent=1339"}],"wp:term":[{"taxonomy":"category","embeddable":true,"href":"https:\/\/democraciaactiva.eu\/index.php?rest_route=%2Fwp%2Fv2%2Fcategories&post=1339"},{"taxonomy":"post_tag","embeddable":true,"href":"https:\/\/democraciaactiva.eu\/index.php?rest_route=%2Fwp%2Fv2%2Ftags&post=1339"}],"curies":[{"name":"wp","href":"https:\/\/api.w.org\/{rel}","templated":true}]}}