{"id":1312,"date":"2017-04-27T10:33:39","date_gmt":"2017-04-27T08:33:39","guid":{"rendered":"http:\/\/democraciaactiva.eu\/?p=1312"},"modified":"2017-04-27T10:33:39","modified_gmt":"2017-04-27T08:33:39","slug":"transparencia-resuelve-contra-el-ayuntamiento-de-ambite-madrid","status":"publish","type":"post","link":"https:\/\/democraciaactiva.eu\/?p=1312","title":{"rendered":"Transparencia resuelve contra el Ayuntamiento de Ambite (Madrid)"},"content":{"rendered":"<p style=\"text-align: justify;\">Tras presentar a principios del pasado mes de diciembre solicitud de informaci\u00f3n al Ayuntamiento de Ambite (Madrid), \u00e9ste no ha\u00a0remitido la informaci\u00f3n solicitada, consistente b\u00e1sicamente en <strong>Decretos de Alcald\u00eda y copias de actas de sesiones plenarias.<\/strong><a href=\"https:\/\/democraciaactiva.eu\/wp-content\/uploads\/2017\/04\/Res1.jpg\"><img decoding=\"async\" loading=\"lazy\" class=\"aligncenter size-medium wp-image-1313\" src=\"https:\/\/democraciaactiva.eu\/wp-content\/uploads\/2017\/04\/Res1-211x300.jpg\" alt=\"\" width=\"211\" height=\"300\" \/><\/a><\/p>\n<p style=\"text-align: justify;\">Dado que las segundas deben ser objeto de <strong>publicidad activa<\/strong>, se ped\u00eda a la administraci\u00f3n local <strong>direcci\u00f3n donde pudieran consultarse<\/strong>, de modo que no fuera necesaria su remisi\u00f3n, pero tras comprobar el escaso contenido de la web municipal \u00e9sta no se encuentra disponible.<\/p>\n<p style=\"text-align: justify;\">Cabe recordar que, conforme a los criterios del Consejo de Transparencia y Buen Gobierno, <strong>no basta la remisi\u00f3n gen\u00e9rica a una p\u00e1gina web para dar por resuelta la petici\u00f3n de acceso, si no que debe facilitarse el enlace\u00a0concreto<\/strong> por el que se pueda acceder a la informaci\u00f3n sin necesidad de sortear distintas pantallas para llegar.<\/p>\n<p style=\"text-align: justify;\">Por ello, desde DCA se remiti\u00f3 reclamaci\u00f3n al consejo de transparencia a finales del mes de enero, cuya resoluci\u00f3n se ha recibido estos d\u00edas, <strong>estimando \u00edntegramente la petici\u00f3n de nuestra Asociaci\u00f3n<\/strong> e instando a la administraci\u00f3n local a remitirnos -adem\u00e1s de al Consejo de Transparencia- la informaci\u00f3n solicitada en el plazo de 15 d\u00edas h\u00e1biles.<\/p>\n<p><a href=\"https:\/\/democraciaactiva.eu\/wp-content\/uploads\/2017\/04\/Res2.jpg\"><img decoding=\"async\" loading=\"lazy\" class=\"aligncenter size-medium wp-image-1314\" src=\"https:\/\/democraciaactiva.eu\/wp-content\/uploads\/2017\/04\/Res2-184x300.jpg\" alt=\"\" width=\"184\" height=\"300\" \/><\/a><\/p>\n<p style=\"text-align: justify;\">Siguiendo el protocolo de transparencia aprobado por nuestra Junta Directiva, en caso de que se superase el plazo sin obtener la informaci\u00f3n solicitada, <strong>el expediente pasar\u00eda a estado de denuncia<\/strong>, solicitando al Consejo de Transparencia el inicio de procedimiento sancionador contra los responsables.<\/p>\n","protected":false},"excerpt":{"rendered":"<div class=\"mh-excerpt\"><p>Tras presentar a principios del pasado mes de diciembre solicitud de informaci\u00f3n al Ayuntamiento de Ambite (Madrid), \u00e9ste no ha\u00a0remitido la informaci\u00f3n solicitada, consistente b\u00e1sicamente <a class=\"mh-excerpt-more\" href=\"https:\/\/democraciaactiva.eu\/?p=1312\" title=\"Transparencia resuelve contra el Ayuntamiento de Ambite (Madrid)\">[&#8230;]<\/a><\/p>\n<\/div>","protected":false},"author":1,"featured_media":1313,"comment_status":"closed","ping_status":"open","sticky":false,"template":"","format":"standard","meta":[],"categories":[5,6,8,19],"tags":[],"_links":{"self":[{"href":"https:\/\/democraciaactiva.eu\/index.php?rest_route=\/wp\/v2\/posts\/1312"}],"collection":[{"href":"https:\/\/democraciaactiva.eu\/index.php?rest_route=\/wp\/v2\/posts"}],"about":[{"href":"https:\/\/democraciaactiva.eu\/index.php?rest_route=\/wp\/v2\/types\/post"}],"author":[{"embeddable":true,"href":"https:\/\/democraciaactiva.eu\/index.php?rest_route=\/wp\/v2\/users\/1"}],"replies":[{"embeddable":true,"href":"https:\/\/democraciaactiva.eu\/index.php?rest_route=%2Fwp%2Fv2%2Fcomments&post=1312"}],"version-history":[{"count":0,"href":"https:\/\/democraciaactiva.eu\/index.php?rest_route=\/wp\/v2\/posts\/1312\/revisions"}],"wp:featuredmedia":[{"embeddable":true,"href":"https:\/\/democraciaactiva.eu\/index.php?rest_route=\/"}],"wp:attachment":[{"href":"https:\/\/democraciaactiva.eu\/index.php?rest_route=%2Fwp%2Fv2%2Fmedia&parent=1312"}],"wp:term":[{"taxonomy":"category","embeddable":true,"href":"https:\/\/democraciaactiva.eu\/index.php?rest_route=%2Fwp%2Fv2%2Fcategories&post=1312"},{"taxonomy":"post_tag","embeddable":true,"href":"https:\/\/democraciaactiva.eu\/index.php?rest_route=%2Fwp%2Fv2%2Ftags&post=1312"}],"curies":[{"name":"wp","href":"https:\/\/api.w.org\/{rel}","templated":true}]}}