{"id":1307,"date":"2017-04-04T21:27:42","date_gmt":"2017-04-04T19:27:42","guid":{"rendered":"http:\/\/democraciaactiva.eu\/?p=1307"},"modified":"2017-04-04T21:27:42","modified_gmt":"2017-04-04T19:27:42","slug":"la-justicia-da-la-razon-a-dca-contra-el-ayuntamiento-de-san-roque","status":"publish","type":"post","link":"https:\/\/democraciaactiva.eu\/?p=1307","title":{"rendered":"La Justicia da la raz\u00f3n a DCA contra el Ayuntamiento de San Roque"},"content":{"rendered":"<p>La Asociaci\u00f3n Defensa Ciudadana Activa ha tenido conocimiento estos d\u00edas del auto de la Sala de lo Civil del Tribunal Supremo por el que rechazan el recurso de casaci\u00f3n del Ayuntamiento de San Roque.<\/p>\n<p>Con ello declaran firme la <a href=\"https:\/\/democraciaactiva.eu\/?p=1157\">Sentencia de la Audiencia Provincial que se hizo p\u00fablica en mayo de 2.016 <\/a>por la que se ordenaba al Consistorio rectificar sus informaciones sobre esta asociaci\u00f3n sanroque\u00f1a.<\/p>\n<p>Cabe recordar que el Ayuntamiento public\u00f3 unas informaciones sobre esta Asociaci\u00f3n que su directiva consider\u00f3 falsas e inexactas, iniciando uno de sus protocolos contra el Ayuntamiento para conseguir una rectificaci\u00f3n.<\/p>\n<p>El Ayuntamiento hizo caso omiso a la petici\u00f3n, por lo que el caso lleg\u00f3 a los tribunales resolviendo el juzgado de San Roque que \u00abs\u00f3lo publicaban opiniones, por lo que no deb\u00edan rectificar\u00bb. No conformes con esa decisi\u00f3n, desde DCA se recurri\u00f3 a la Audiencia Provincial de C\u00e1diz, que fall\u00f3 a su favor.<\/p>\n<p>En su sentencia, la Audiencia Provincial dejaba claro que la rectificaci\u00f3n solicitada\u00a0<strong><em>\u201cfavorece incluso el inter\u00e9s colectivo en la b\u00fasqueda y recepci\u00f3n de la verdad que aquel derecho fundamental procura\u201d<\/em><\/strong>, rechazando claramente el criterio del juzgado de primera instancia al considerar que <strong><em>\u00aben el caso de autos la denegaci\u00f3n de la rectificaci\u00f3n solicitada en los t\u00e9rminos que establece la Ley Org\u00e1nica 2\/1984 (recordemos que se estaba diciendo que se hab\u00eda cometido un delito, no solamente que se iba a acudir a la justicia como dice la juez) carece de toda l\u00f3gica, en cuanto que claramente se pretend\u00eda por quien ejercita este derecho que aquella informaci\u00f3n que entend\u00eda inexacta y lesiva de sus intereses fuera contrapuesta\u201d<\/em><\/strong>.<\/p>\n<p><a href=\"https:\/\/democraciaactiva.eu\/wp-content\/uploads\/2016\/05\/Pagina4.jpg\"><img decoding=\"async\" loading=\"lazy\" class=\"aligncenter size-medium wp-image-1164\" src=\"https:\/\/democraciaactiva.eu\/wp-content\/uploads\/2016\/05\/Pagina4-191x300.jpg\" alt=\"\" width=\"191\" height=\"300\" \/><\/a> <a href=\"https:\/\/democraciaactiva.eu\/wp-content\/uploads\/2016\/05\/Pagina5.jpg\"><img decoding=\"async\" loading=\"lazy\" class=\"aligncenter wp-image-1165 size-medium\" src=\"https:\/\/democraciaactiva.eu\/wp-content\/uploads\/2016\/05\/Pagina5-191x300.jpg\" alt=\"\" width=\"191\" height=\"300\" \/><\/a><\/p>\n<p>Ante tan clara sentencia, el Ayuntamiento de San Roque decidi\u00f3 recurrir al Tribunal Supremo, \u00abaunque con tan pocos argumentos que nuestra directiva decidi\u00f3 no personarse. No merec\u00eda la pena invertir energ\u00edas en algo que entend\u00edamos era obvio, como finalmente ha resuelto la sala.\u00bb, indicaron desde DCA.<\/p>\n<p>Con ello, a juicio de la asociaci\u00f3n, \u00abel Ayuntamiento ha jugado de nuevo a lo de siempre, a perder tiempo y dinero de los contribuyentes contra la ciudadan\u00eda aunque al final se demuestre claramente que no ten\u00edan raz\u00f3n, porque el Tribunal Supremo ni siquiera ha admitido su recurso\u00bb<\/p>\n<p><a href=\"https:\/\/democraciaactiva.eu\/wp-content\/uploads\/2017\/04\/Sentencia-TS.jpg\"><img decoding=\"async\" loading=\"lazy\" class=\"aligncenter size-medium wp-image-1308\" src=\"https:\/\/democraciaactiva.eu\/wp-content\/uploads\/2017\/04\/Sentencia-TS-216x300.jpg\" alt=\"\" width=\"216\" height=\"300\" \/><\/a><\/p>\n<p>Desde la asociaci\u00f3n Defensa Ciudadana Activa, siguiendo con su protocolo de rectificaci\u00f3n, esperar\u00e1n la publicaci\u00f3n de la rectificaci\u00f3n en la prensa y televisi\u00f3n municipal del mismo modo que las informaciones originales, solicitando en caso contrario la ejecuci\u00f3n de la sentencia. \u00ab<strong>No esperamos que lo hagan voluntariamente porque, aunque no criticamos el trabajo de los empleados municipales que simplemente cumplen \u00f3rdenes, la empresa municipal de comunicaci\u00f3n nos ha demostrado con creces que sus esfuerzos se orientan a la publicidad del gobierno local, nunca a las informaciones de colectivos que les critiquen<\/strong>\u00ab, finalizaron. <\/p>\n","protected":false},"excerpt":{"rendered":"<div class=\"mh-excerpt\"><p>La Asociaci\u00f3n Defensa Ciudadana Activa ha tenido conocimiento estos d\u00edas del auto de la Sala de lo Civil del Tribunal Supremo por el que rechazan <a class=\"mh-excerpt-more\" href=\"https:\/\/democraciaactiva.eu\/?p=1307\" title=\"La Justicia da la raz\u00f3n a DCA contra el Ayuntamiento de San Roque\">[&#8230;]<\/a><\/p>\n<\/div>","protected":false},"author":1,"featured_media":1308,"comment_status":"closed","ping_status":"open","sticky":false,"template":"","format":"standard","meta":[],"categories":[5,17],"tags":[30,54,59],"_links":{"self":[{"href":"https:\/\/democraciaactiva.eu\/index.php?rest_route=\/wp\/v2\/posts\/1307"}],"collection":[{"href":"https:\/\/democraciaactiva.eu\/index.php?rest_route=\/wp\/v2\/posts"}],"about":[{"href":"https:\/\/democraciaactiva.eu\/index.php?rest_route=\/wp\/v2\/types\/post"}],"author":[{"embeddable":true,"href":"https:\/\/democraciaactiva.eu\/index.php?rest_route=\/wp\/v2\/users\/1"}],"replies":[{"embeddable":true,"href":"https:\/\/democraciaactiva.eu\/index.php?rest_route=%2Fwp%2Fv2%2Fcomments&post=1307"}],"version-history":[{"count":0,"href":"https:\/\/democraciaactiva.eu\/index.php?rest_route=\/wp\/v2\/posts\/1307\/revisions"}],"wp:featuredmedia":[{"embeddable":true,"href":"https:\/\/democraciaactiva.eu\/index.php?rest_route=\/"}],"wp:attachment":[{"href":"https:\/\/democraciaactiva.eu\/index.php?rest_route=%2Fwp%2Fv2%2Fmedia&parent=1307"}],"wp:term":[{"taxonomy":"category","embeddable":true,"href":"https:\/\/democraciaactiva.eu\/index.php?rest_route=%2Fwp%2Fv2%2Fcategories&post=1307"},{"taxonomy":"post_tag","embeddable":true,"href":"https:\/\/democraciaactiva.eu\/index.php?rest_route=%2Fwp%2Fv2%2Ftags&post=1307"}],"curies":[{"name":"wp","href":"https:\/\/api.w.org\/{rel}","templated":true}]}}