{"id":1303,"date":"2017-03-19T21:51:06","date_gmt":"2017-03-19T19:51:06","guid":{"rendered":"http:\/\/democraciaactiva.eu\/?p=1303"},"modified":"2017-03-19T21:51:06","modified_gmt":"2017-03-19T19:51:06","slug":"dca-solicita-datos-sobre-la-residencia-de-mayores-de-la-linea","status":"publish","type":"post","link":"https:\/\/democraciaactiva.eu\/?p=1303","title":{"rendered":"DCA solicita datos sobre la residencia de mayores de La L\u00ednea"},"content":{"rendered":"<p>La Asociaci\u00f3n Defensa Ciudadana Activa ha abierto un expediente informativo en base a las peticiones de sus socios relativo al cierre de la residencia de mayores de La L\u00ednea de la Concepci\u00f3n, en C\u00e1diz.<\/p>\n<p>Seg\u00fan las informaciones aparecidas en prensa, <strong>la intenci\u00f3n de la Diputaci\u00f3n Provincial de C\u00e1diz era la de\u00a0privatizar el servicio trasladando a sus usuarios a una residencia privada<\/strong> de la misma localidad, algo que ha generado numerosas protestas en los \u00faltimos d\u00edas.<\/p>\n<p>Desde DCA apuntan a que \u00abno nos parece que privatizar los servicios p\u00fablicos sea una forma de gesti\u00f3n eficiente, pero simplemente por las notas aparecidas en prensa no disponemos de suficiente informaci\u00f3n\u00bb, por lo que han solicitado datos econ\u00f3micos\u00a0tanto a la Diputaci\u00f3n de C\u00e1diz como a la Junta de Andaluc\u00eda.<\/p>\n<p><a href=\"https:\/\/democraciaactiva.eu\/wp-content\/uploads\/2017\/03\/Residencia.jpg\"><img decoding=\"async\" loading=\"lazy\" class=\"aligncenter size-medium wp-image-1304\" src=\"https:\/\/democraciaactiva.eu\/wp-content\/uploads\/2017\/03\/Residencia-300x223.jpg\" alt=\"\" width=\"300\" height=\"223\" \/><\/a><\/p>\n<p>En concreto la Asociaci\u00f3n solicita la documentaci\u00f3n administrativa relativa al coste de la actual residencia de mayores, tutelada por la Diputaci\u00f3n Provincial, durante los \u00faltimos cinco a\u00f1os, as\u00ed como las subvenciones o aportaciones econ\u00f3micas de cualquier tipo realizadas y\/o previstas a la Asociaci\u00f3n ASANSULL, que al parecer gestionar\u00eda el centro de mayores al que se derivar\u00edan los usuarios tras el cierre.<\/p>\n<p>\u00ab<strong>Es l\u00f3gico que la ciudadan\u00eda se pregunte cu\u00e1l ha sido la inversi\u00f3n en el centro p\u00fablico que ahora se pretende cerrar, cu\u00e1l ha sido, si la hubiere, la inversi\u00f3n de fondos p\u00fablicos en el centro privado al que se trasladar\u00edan, y cu\u00e1nto costar\u00edan esas plazas una vez trasladadas.<\/strong> Sin embargo ninguna de esas cifras se ha hecho p\u00fablicas, por lo que aunque el sentido com\u00fan indica que siempre puede ser m\u00e1s eficiente\u00a0la gesti\u00f3n p\u00fablica de los servicios p\u00fablicos, queremos constatar qu\u00e9 datos han llevado a los gobernantes a tomar esas decisiones.\u00bb, informaron.<\/p>\n<p>Aunque esperan que la Diputaci\u00f3n Provincial aporte los datos solicitados con rapidez, seg\u00fan el protocolo de esta Asociaci\u00f3n si pasaran 20 d\u00edas sin respuesta se presentar\u00eda reclamaci\u00f3n ante el Consejo de Transparencia de Andaluc\u00eda, \u00abentendiendo que <strong>son datos p\u00fablicos que la ciudadan\u00eda tiene derecho a conocer<\/strong>\u00ab, finalizaron. <\/p>\n","protected":false},"excerpt":{"rendered":"<div class=\"mh-excerpt\"><p>La Asociaci\u00f3n Defensa Ciudadana Activa ha abierto un expediente informativo en base a las peticiones de sus socios relativo al cierre de la residencia de <a class=\"mh-excerpt-more\" href=\"https:\/\/democraciaactiva.eu\/?p=1303\" title=\"DCA solicita datos sobre la residencia de mayores de La L\u00ednea\">[&#8230;]<\/a><\/p>\n<\/div>","protected":false},"author":1,"featured_media":1304,"comment_status":"closed","ping_status":"open","sticky":false,"template":"","format":"standard","meta":[],"categories":[5,19],"tags":[33,41,53],"_links":{"self":[{"href":"https:\/\/democraciaactiva.eu\/index.php?rest_route=\/wp\/v2\/posts\/1303"}],"collection":[{"href":"https:\/\/democraciaactiva.eu\/index.php?rest_route=\/wp\/v2\/posts"}],"about":[{"href":"https:\/\/democraciaactiva.eu\/index.php?rest_route=\/wp\/v2\/types\/post"}],"author":[{"embeddable":true,"href":"https:\/\/democraciaactiva.eu\/index.php?rest_route=\/wp\/v2\/users\/1"}],"replies":[{"embeddable":true,"href":"https:\/\/democraciaactiva.eu\/index.php?rest_route=%2Fwp%2Fv2%2Fcomments&post=1303"}],"version-history":[{"count":0,"href":"https:\/\/democraciaactiva.eu\/index.php?rest_route=\/wp\/v2\/posts\/1303\/revisions"}],"wp:featuredmedia":[{"embeddable":true,"href":"https:\/\/democraciaactiva.eu\/index.php?rest_route=\/"}],"wp:attachment":[{"href":"https:\/\/democraciaactiva.eu\/index.php?rest_route=%2Fwp%2Fv2%2Fmedia&parent=1303"}],"wp:term":[{"taxonomy":"category","embeddable":true,"href":"https:\/\/democraciaactiva.eu\/index.php?rest_route=%2Fwp%2Fv2%2Fcategories&post=1303"},{"taxonomy":"post_tag","embeddable":true,"href":"https:\/\/democraciaactiva.eu\/index.php?rest_route=%2Fwp%2Fv2%2Ftags&post=1303"}],"curies":[{"name":"wp","href":"https:\/\/api.w.org\/{rel}","templated":true}]}}