{"id":1299,"date":"2017-02-24T10:37:30","date_gmt":"2017-02-24T08:37:30","guid":{"rendered":"http:\/\/democraciaactiva.eu\/?p=1299"},"modified":"2017-02-24T10:37:30","modified_gmt":"2017-02-24T08:37:30","slug":"dca-pregunta-por-el-turno-de-movilidad-programada-de-la-policia-local-sanroquena","status":"publish","type":"post","link":"https:\/\/democraciaactiva.eu\/?p=1299","title":{"rendered":"DCA pregunta por el turno de \u00abMovilidad Programada\u00bb de la Polic\u00eda Local Sanroque\u00f1a"},"content":{"rendered":"<p style=\"text-align: justify;\">Tras la pol\u00e9mica surgida por la negativa de la edil de Polic\u00eda Local al cambio de turno de una\u00a0agente, <strong>las informaciones sobre el turno llamado de movilidad programada son confusas<\/strong>.<\/p>\n<p style=\"text-align: justify;\">Por un lado la edil manifiesta p\u00fablicamente que realizan distinto n\u00famero de horas que sus compa\u00f1eros, y su remuneraci\u00f3n al parecer tambi\u00e9n ser\u00eda diferente, pero no queda claro en absoluto qu\u00e9 criterio se utiliza para la asignaci\u00f3n de agentes al mismo.<\/p>\n<p style=\"text-align: justify;\">De este modo, <strong>el sentimiento generalizado entre las fuentes municipales consultadas ha sido el de que \u00abse trata de un turno para los favoritos<\/strong>, donde pueden acceder s\u00f3lo los elegidos por el gobierno local, disfrutando de una serie de condiciones especiales\u00a0que podr\u00edan solventar dificultades familiares de otros compa\u00f1eros a los que no se les concede.\u00bb, indicaron.<\/p>\n<p><a href=\"https:\/\/democraciaactiva.eu\/wp-content\/uploads\/2017\/02\/17555.jpg\"><img decoding=\"async\" loading=\"lazy\" class=\"aligncenter size-medium wp-image-1300\" src=\"https:\/\/democraciaactiva.eu\/wp-content\/uploads\/2017\/02\/17555-238x300.jpg\" alt=\"\" width=\"238\" height=\"300\" \/><\/a><\/p>\n<p style=\"text-align: justify;\">Ante ello la Asociaci\u00f3n Defensa Ciudadana Activa ha remitido estos d\u00edas <strong>petici\u00f3n formal al Ayuntamiento de San Roque solicitando la documentaci\u00f3n relativa a los agentes asignados a dicho turno as\u00ed como la acreditativa de la forma de acceso<\/strong>.<\/p>\n<p style=\"text-align: justify;\">\u00abHemos abierto un expediente informativo solicitado por nuestros socios y aprobado por la Junta Directiva ya que, como administraci\u00f3n p\u00fablica, nos parece extra\u00f1a la forma de selecci\u00f3n que se deduce de las declaraciones de los ediles. <strong>Si es un turno para elegidos puede que sea legal, pero debe quedar claro que priman los favores a las necesidades del personal en este Ayuntamiento.<\/strong>\u00ab, finalizaron.<\/p>\n<p>&nbsp; <\/p>\n","protected":false},"excerpt":{"rendered":"<div class=\"mh-excerpt\"><p>Tras la pol\u00e9mica surgida por la negativa de la edil de Polic\u00eda Local al cambio de turno de una\u00a0agente, las informaciones sobre el turno llamado <a class=\"mh-excerpt-more\" href=\"https:\/\/democraciaactiva.eu\/?p=1299\" title=\"DCA pregunta por el turno de \u00abMovilidad Programada\u00bb de la Polic\u00eda Local Sanroque\u00f1a\">[&#8230;]<\/a><\/p>\n<\/div>","protected":false},"author":1,"featured_media":1300,"comment_status":"closed","ping_status":"open","sticky":false,"template":"","format":"standard","meta":[],"categories":[5,8,13,19],"tags":[],"_links":{"self":[{"href":"https:\/\/democraciaactiva.eu\/index.php?rest_route=\/wp\/v2\/posts\/1299"}],"collection":[{"href":"https:\/\/democraciaactiva.eu\/index.php?rest_route=\/wp\/v2\/posts"}],"about":[{"href":"https:\/\/democraciaactiva.eu\/index.php?rest_route=\/wp\/v2\/types\/post"}],"author":[{"embeddable":true,"href":"https:\/\/democraciaactiva.eu\/index.php?rest_route=\/wp\/v2\/users\/1"}],"replies":[{"embeddable":true,"href":"https:\/\/democraciaactiva.eu\/index.php?rest_route=%2Fwp%2Fv2%2Fcomments&post=1299"}],"version-history":[{"count":0,"href":"https:\/\/democraciaactiva.eu\/index.php?rest_route=\/wp\/v2\/posts\/1299\/revisions"}],"wp:featuredmedia":[{"embeddable":true,"href":"https:\/\/democraciaactiva.eu\/index.php?rest_route=\/"}],"wp:attachment":[{"href":"https:\/\/democraciaactiva.eu\/index.php?rest_route=%2Fwp%2Fv2%2Fmedia&parent=1299"}],"wp:term":[{"taxonomy":"category","embeddable":true,"href":"https:\/\/democraciaactiva.eu\/index.php?rest_route=%2Fwp%2Fv2%2Fcategories&post=1299"},{"taxonomy":"post_tag","embeddable":true,"href":"https:\/\/democraciaactiva.eu\/index.php?rest_route=%2Fwp%2Fv2%2Ftags&post=1299"}],"curies":[{"name":"wp","href":"https:\/\/api.w.org\/{rel}","templated":true}]}}