{"id":1294,"date":"2017-02-19T12:39:07","date_gmt":"2017-02-19T10:39:07","guid":{"rendered":"http:\/\/democraciaactiva.eu\/?p=1294"},"modified":"2017-02-19T12:39:07","modified_gmt":"2017-02-19T10:39:07","slug":"san-roque-rechaza-el-primer-escrito-presentado-por-registro-electronico-en-la-localidad","status":"publish","type":"post","link":"https:\/\/democraciaactiva.eu\/?p=1294","title":{"rendered":"San Roque rechaza el primer escrito presentado por registro electr\u00f3nico en la localidad."},"content":{"rendered":"<p>Tras casi una d\u00e9cada desde que la normativa exigiera la implantaci\u00f3n de registros electr\u00f3nicos en la administraci\u00f3n p\u00fablica, el Ayuntamiento de San Roque estren\u00f3 recientemente el suyo. <strong>La Asociaci\u00f3n Defensa Ciudadana Activa, que llevaba a\u00f1os exigiendo\u00a0la implantaci\u00f3n del servicio, fue la primera en registrar una petici\u00f3n, que ha sido rechazada\u00a0por la Secretar\u00eda General.<\/strong><\/p>\n<p><strong><a href=\"https:\/\/democraciaactiva.eu\/wp-content\/uploads\/2017\/02\/Inadmision.jpg\"><img decoding=\"async\" loading=\"lazy\" class=\"aligncenter size-medium wp-image-1295\" src=\"https:\/\/democraciaactiva.eu\/wp-content\/uploads\/2017\/02\/Inadmision-300x268.jpg\" alt=\"\" width=\"300\" height=\"268\" \/><\/a><\/strong><\/p>\n<p>El motivo de la inadmisi\u00f3n se basa en que, <strong>seg\u00fan la Secretaria General Ana N\u00fa\u00f1ez de Coss\u00edo, el Ayuntamiento de San Roque no presta \u00abel servicio de ventanilla \u00fanica\u00bb<\/strong>, indicando\u00a0a la asociaci\u00f3n que presenten sus escritos en la Subdelegaci\u00f3n del Gobierno.<\/p>\n<p>Desde la Asociaci\u00f3n se ha respondido a esta negativa i<strong>nform\u00e1ndole de la derogaci\u00f3n de la Ley 30\/92, \u00abque s\u00ed exig\u00eda un convenio con las administraciones para tramitar escritos entre ellas<\/strong>, pero que ha quedado obsoleto con la entrada en vigor de la Ley 39\/2015, que establece claramente que <strong>es posible presentar un escrito para cualquier administraci\u00f3n p\u00fablica en los registros electr\u00f3nicos de cualquier otra administraci\u00f3n, incluyendo las administraciones locales<\/strong>.\u00bb, informaron.<a href=\"https:\/\/democraciaactiva.eu\/wp-content\/uploads\/2017\/02\/17554-1.jpg\"><img decoding=\"async\" loading=\"lazy\" class=\"aligncenter size-medium wp-image-1297\" src=\"https:\/\/democraciaactiva.eu\/wp-content\/uploads\/2017\/02\/17554-1-176x300.jpg\" alt=\"\" width=\"176\" height=\"300\" \/><\/a><a href=\"https:\/\/democraciaactiva.eu\/wp-content\/uploads\/2017\/02\/17554-2.jpg\"><img decoding=\"async\" loading=\"lazy\" class=\"aligncenter size-medium wp-image-1296\" src=\"https:\/\/democraciaactiva.eu\/wp-content\/uploads\/2017\/02\/17554-2-171x300.jpg\" alt=\"\" width=\"171\" height=\"300\" \/><\/a><\/p>\n<p>Por ello consideran que el Ayuntamiento de San Roque tiene dos opciones, \u00abo tramitan nuestras peticiones, o cierran nuevamente el registro electr\u00f3nico, que por otro lado no cumple con la Ley de Procedimiento Administrativo puesto que no es v\u00e1lido para cualquier plataforma y no entrega copia sellada de la documentaci\u00f3n presentada, como hemos informado igualmente a la Secretar\u00eda General\u00bb, criticaron.<\/p>\n<p>Debido al tiempo transcurrido desde que se estableci\u00f3 la obligaci\u00f3n del registro electr\u00f3nico a las administraciones locales, DCA ha solicitado igualmente las partidas presupuestarias y plazos aprobados en cada presupuesto general (obligatorio desde 2.009 conforme a la disposici\u00f3n adicional tercera de la Ley 11\/2007), as\u00ed como copia de los contratos con empresas que ha establecido este Ayuntamiento para ello.<\/p>\n<p>\u00ab<strong>Tenemos conocimiento de que se han contratado empresas para el desarrollo del registro electr\u00f3nico desde el 2.012 como m\u00ednimo, por lo que nos parece excesivo que lleven tantos a\u00f1os y a\u00fan no tengan una versi\u00f3n v\u00e1lida operativa<\/strong>. Por eso hemos solicitado los contratos para conocer c\u00f3mo han sido tan flexibles y cu\u00e1nto ha supuesto a las arcas p\u00fablicas el retraso.\u00bb, indicaron.<\/p>\n<p>Desde DCA consideran que, \u00abno siendo la primera vez que rechaza nuestras peticiones vulnerando la legislaci\u00f3n vigente, <strong>es muy grave que un Ayuntamiento tenga al frente de las decisiones administrativas a quien, pese a indicar en sus respuestas su calidad de Doctora en Derecho, puede estar perjudicando gravemente a los ciudadanos con su\u00a0particular interpretaci\u00f3n de la Ley<\/strong>, porque no queremos pensar que simplemente la desconoce.\u00bb <\/p>\n","protected":false},"excerpt":{"rendered":"<div class=\"mh-excerpt\"><p>Tras casi una d\u00e9cada desde que la normativa exigiera la implantaci\u00f3n de registros electr\u00f3nicos en la administraci\u00f3n p\u00fablica, el Ayuntamiento de San Roque estren\u00f3 recientemente <a class=\"mh-excerpt-more\" href=\"https:\/\/democraciaactiva.eu\/?p=1294\" title=\"San Roque rechaza el primer escrito presentado por registro electr\u00f3nico en la localidad.\">[&#8230;]<\/a><\/p>\n<\/div>","protected":false},"author":1,"featured_media":1295,"comment_status":"closed","ping_status":"open","sticky":false,"template":"","format":"standard","meta":[],"categories":[5,8],"tags":[],"_links":{"self":[{"href":"https:\/\/democraciaactiva.eu\/index.php?rest_route=\/wp\/v2\/posts\/1294"}],"collection":[{"href":"https:\/\/democraciaactiva.eu\/index.php?rest_route=\/wp\/v2\/posts"}],"about":[{"href":"https:\/\/democraciaactiva.eu\/index.php?rest_route=\/wp\/v2\/types\/post"}],"author":[{"embeddable":true,"href":"https:\/\/democraciaactiva.eu\/index.php?rest_route=\/wp\/v2\/users\/1"}],"replies":[{"embeddable":true,"href":"https:\/\/democraciaactiva.eu\/index.php?rest_route=%2Fwp%2Fv2%2Fcomments&post=1294"}],"version-history":[{"count":0,"href":"https:\/\/democraciaactiva.eu\/index.php?rest_route=\/wp\/v2\/posts\/1294\/revisions"}],"wp:featuredmedia":[{"embeddable":true,"href":"https:\/\/democraciaactiva.eu\/index.php?rest_route=\/"}],"wp:attachment":[{"href":"https:\/\/democraciaactiva.eu\/index.php?rest_route=%2Fwp%2Fv2%2Fmedia&parent=1294"}],"wp:term":[{"taxonomy":"category","embeddable":true,"href":"https:\/\/democraciaactiva.eu\/index.php?rest_route=%2Fwp%2Fv2%2Fcategories&post=1294"},{"taxonomy":"post_tag","embeddable":true,"href":"https:\/\/democraciaactiva.eu\/index.php?rest_route=%2Fwp%2Fv2%2Ftags&post=1294"}],"curies":[{"name":"wp","href":"https:\/\/api.w.org\/{rel}","templated":true}]}}