{"id":1288,"date":"2017-02-02T16:07:53","date_gmt":"2017-02-02T14:07:53","guid":{"rendered":"http:\/\/democraciaactiva.eu\/?p=1288"},"modified":"2017-02-02T16:07:53","modified_gmt":"2017-02-02T14:07:53","slug":"alertan-sobre-el-uso-de-fotografias-de-trabajadores-en-san-roque","status":"publish","type":"post","link":"https:\/\/democraciaactiva.eu\/?p=1288","title":{"rendered":"Alertan sobre el uso de fotograf\u00edas de trabajadores en San Roque"},"content":{"rendered":"<p>La Agencia Espa\u00f1ola de Protecci\u00f3n de Datos ha remitido informe a petici\u00f3n de la Asociaci\u00f3n Defensa Ciudadana Activa sobre el uso de las im\u00e1genes de los trabajadores municipales, y concretamente sobre los que acuden a planes de empleo municipales, que viene haciendo el Consistorio Sanroque\u00f1o.<\/p>\n<p>La solicitud se inici\u00f3 tras comprobar c\u00f3mo se utilizaban para publicitar a\u00a0los gobernantes locales fotograf\u00edas de los trabajadores contratados en sus primeros d\u00edas de trabajo. \u00ab<strong>Consideramos que no era requisito para el puesto ceder la imagen de los trabajadores para publicidad pol\u00edtica<\/strong>, por lo que iniciamos el protocolo de consultas ante las instituciones competentes.\u00bb<\/p>\n<p>Al iniciar s\u00f3lo un expediente de consulta, DCA no ha denunciado los hechos como infracci\u00f3n, aunque a la vista del uso de la imagen de los trabajadores y el informe de la AGPD consideran que \u00ab<strong>cualquier trabajador afectado podr\u00eda iniciarlo si contin\u00faan esas pr\u00e1cticas<\/strong>\u00ab.<\/p>\n<p>En su informe la AGPD deja claro que <strong>las im\u00e1genes de la consulta tienen la consideraci\u00f3n de datos personales siempre que permitan identificar a las personas que aparecen en ellas, \u00abque son la mayor\u00eda, ya que rara vez hacen fotos de espaldas o sin el rostro visible\u00bb<\/strong>, indicaron.<\/p>\n<p><a href=\"https:\/\/democraciaactiva.eu\/wp-content\/uploads\/2017\/02\/Informe1.jpg\"><img decoding=\"async\" loading=\"lazy\" class=\"aligncenter size-medium wp-image-1291\" src=\"https:\/\/democraciaactiva.eu\/wp-content\/uploads\/2017\/02\/Informe1-218x300.jpg\" alt=\"\" width=\"218\" height=\"300\" \/><\/a><\/p>\n<p>Contin\u00faa la Agencia resaltando el contenido de Sentencias del Tribunal Constitucional que citan el derecho a la propia imagen como <em>un derecho derivado de la dignidad humana y dirigido a proteger la dimensi\u00f3n moral de las personas, que atribuye a su titular un derecho a determinar la informaci\u00f3n gr\u00e1fica generada por sus rasgos f\u00edsicos personales que puede tener difusi\u00f3n p\u00fablica<\/em>. Y resalta que <strong>\u00abLa facultad otorgada por este derecho (&#8230;) consiste en esencia en impedir la obtenci\u00f3n, reproducci\u00f3n o publicaci\u00f3n de la propia imagen por parte de un tercero no autorizado, sea cual sea la finalidad -informativa, comercial, cient\u00edfica, cultural, etc.- perseguida por quien la capta o difunde\u00bb<\/strong><\/p>\n<p><strong><a href=\"https:\/\/democraciaactiva.eu\/wp-content\/uploads\/2017\/02\/Informe2.jpg\"><img decoding=\"async\" loading=\"lazy\" class=\"size-medium wp-image-1290 aligncenter\" src=\"https:\/\/democraciaactiva.eu\/wp-content\/uploads\/2017\/02\/Informe2-300x247.jpg\" alt=\"\" width=\"300\" height=\"247\" \/><\/a><\/strong><\/p>\n<p>De este modo, en DCA consideran que <strong>no se est\u00e1 respetando este derecho, no se tiene consentimiento claro y por escrito de la cesi\u00f3n de las im\u00e1genes de trabajadores, y sobre todo \u00e9stas no resultan imprescindibles para la informaci\u00f3n que se pretende difundir, si no que s\u00f3lo pretenden acompa\u00f1ar resignadamente la figura de los pol\u00edticos.<\/strong><\/p>\n<p>Termina la AGPD destacando que para admitir la publicaci\u00f3n de im\u00e1genes de personas identificables en la p\u00e1gina web de la entidad, sin recabar el consentimiento de los ciudadanos afectados, es preciso que la informaci\u00f3n publicada tenga relevancia p\u00fablica y <strong>se den las circunstancias constitucionalmente previstas para que la libertad de informaci\u00f3n prevalezca sobre el derecho a la protecci\u00f3n de datos<\/strong>.<\/p>\n<p>En vista del informe DCA considera que, <strong>salvo los cargos p\u00fablicos directamente afectados por las notas de prensa, no existe motivo alguno para obligar a la cesi\u00f3n de su imagen a la mayor\u00eda de trabajadores municipales,<\/strong> a los que al parecer no se consulta ni mucho menos dan su consentimiento por escrito, oblig\u00e1ndoles a renunciar a su derecho constitucional en favor de la publicidad de los pol\u00edticos de turno.<\/p>\n<p><a href=\"https:\/\/democraciaactiva.eu\/wp-content\/uploads\/2017\/02\/Informe3.jpg\"><img decoding=\"async\" loading=\"lazy\" class=\"aligncenter size-medium wp-image-1289\" src=\"https:\/\/democraciaactiva.eu\/wp-content\/uploads\/2017\/02\/Informe3-300x187.jpg\" alt=\"\" width=\"300\" height=\"187\" \/><\/a><\/p>\n<p>Finaliza el informe resaltando, adem\u00e1s, <strong>la gran incidencia del uso de las nuevas tecnolog\u00edas, refiri\u00e9ndose a la publicaci\u00f3n de im\u00e1genes en la p\u00e1gina web de los Ayuntamientos, en el derecho a la protecci\u00f3n de datos personales<\/strong>, por lo que desde la Asociaci\u00f3n recomiendan\u00a0a las administraciones p\u00fablicas ser especialmente respetuosos con estos derechos. <\/p>\n","protected":false},"excerpt":{"rendered":"<div class=\"mh-excerpt\"><p>La Agencia Espa\u00f1ola de Protecci\u00f3n de Datos ha remitido informe a petici\u00f3n de la Asociaci\u00f3n Defensa Ciudadana Activa sobre el uso de las im\u00e1genes de <a class=\"mh-excerpt-more\" href=\"https:\/\/democraciaactiva.eu\/?p=1288\" title=\"Alertan sobre el uso de fotograf\u00edas de trabajadores en San Roque\">[&#8230;]<\/a><\/p>\n<\/div>","protected":false},"author":1,"featured_media":26,"comment_status":"closed","ping_status":"open","sticky":false,"template":"","format":"standard","meta":[],"categories":[5,15],"tags":[],"_links":{"self":[{"href":"https:\/\/democraciaactiva.eu\/index.php?rest_route=\/wp\/v2\/posts\/1288"}],"collection":[{"href":"https:\/\/democraciaactiva.eu\/index.php?rest_route=\/wp\/v2\/posts"}],"about":[{"href":"https:\/\/democraciaactiva.eu\/index.php?rest_route=\/wp\/v2\/types\/post"}],"author":[{"embeddable":true,"href":"https:\/\/democraciaactiva.eu\/index.php?rest_route=\/wp\/v2\/users\/1"}],"replies":[{"embeddable":true,"href":"https:\/\/democraciaactiva.eu\/index.php?rest_route=%2Fwp%2Fv2%2Fcomments&post=1288"}],"version-history":[{"count":0,"href":"https:\/\/democraciaactiva.eu\/index.php?rest_route=\/wp\/v2\/posts\/1288\/revisions"}],"wp:featuredmedia":[{"embeddable":true,"href":"https:\/\/democraciaactiva.eu\/index.php?rest_route=\/"}],"wp:attachment":[{"href":"https:\/\/democraciaactiva.eu\/index.php?rest_route=%2Fwp%2Fv2%2Fmedia&parent=1288"}],"wp:term":[{"taxonomy":"category","embeddable":true,"href":"https:\/\/democraciaactiva.eu\/index.php?rest_route=%2Fwp%2Fv2%2Fcategories&post=1288"},{"taxonomy":"post_tag","embeddable":true,"href":"https:\/\/democraciaactiva.eu\/index.php?rest_route=%2Fwp%2Fv2%2Ftags&post=1288"}],"curies":[{"name":"wp","href":"https:\/\/api.w.org\/{rel}","templated":true}]}}