{"id":1283,"date":"2017-01-31T10:21:11","date_gmt":"2017-01-31T08:21:11","guid":{"rendered":"http:\/\/democraciaactiva.eu\/?p=1283"},"modified":"2017-01-31T10:21:11","modified_gmt":"2017-01-31T08:21:11","slug":"transparencia-resuelve-nuevamente-contra-el-ayuntamiento-de-san-roque","status":"publish","type":"post","link":"https:\/\/democraciaactiva.eu\/?p=1283","title":{"rendered":"Transparencia resuelve nuevamente contra el Ayuntamiento de San Roque"},"content":{"rendered":"<p>En estos d\u00edas la Asociaci\u00f3n Defensa Ciudadana Activa ha recibido resoluci\u00f3n del Consejo de Transparencia en relaci\u00f3n a la publicidad activa del Ayuntamiento de San Roque.<\/p>\n<p>En concreto DCA reclamaba la publicaci\u00f3n de las retribuciones de los ediles conforme a la Ley de Transparencia, la publicaci\u00f3n de perfiles y trayectorias profesionales de los ediles y responsables de \u00e1rea, as\u00ed como un organigrama claro donde se indicaran los servicios y responsables en esta administraci\u00f3n local.<\/p>\n<p>Respecto al primer punto el Consejo de Transparencia concluye que cuando se accede al llamado portal de Transparencia de San Roque, <strong>\u00abcuando se marca la casilla correspondiente, no se accede directamente a la concreta remuneraci\u00f3n de cada edil con derecho a remuneraci\u00f3n, si no que resulta necesario efectuar una b\u00fasqueda en varios documentos y realizar una operaci\u00f3n matem\u00e1tica sobre una cantidad global que se ofrece seg\u00fan el tipo de edil\u00bb<\/strong>, por lo que DCA denunci\u00f3 ese m\u00e9todo como \u00abtramparencia\u00bb del gobierno local para confundir a la ciudadan\u00eda, y Transparencia ha resuelto que <strong>\u00abno cumple el m\u00ednimo estandar exigible, que consistir\u00eda en ofrecer, lisa y llanamente, un simple listado con la identificaci\u00f3n de los ediles con derecho a retribuci\u00f3n y a cu\u00e1nto alcanza \u00e9sta en monto anual.\u00bb<\/strong><\/p>\n<p><strong><a href=\"https:\/\/democraciaactiva.eu\/wp-content\/uploads\/2017\/01\/Transparencia1.jpg\"><img decoding=\"async\" loading=\"lazy\" class=\"aligncenter size-medium wp-image-1284\" src=\"https:\/\/democraciaactiva.eu\/wp-content\/uploads\/2017\/01\/Transparencia1-300x140.jpg\" alt=\"\" width=\"300\" height=\"140\" \/><\/a><\/strong><\/p>\n<p>Por ello el Consejo de Transparencia resuelve dar un plazo de un mes al Ayuntamiento de San Roque para publicar esos datos de la forma solicitada.<\/p>\n<p>Respecto al organigrama de servicios del Ayuntamiento, el citado Consejo no ha podido localizarlo en el caos de la web municipal, por lo que insta igualmente al Ayuntamiento a publicar en igual plazo un organigrama actualizado donde los ciudadanos puedan conocer los responsables de cada servicio.<a href=\"https:\/\/democraciaactiva.eu\/wp-content\/uploads\/2017\/01\/Transparencia2.jpg\"><img decoding=\"async\" loading=\"lazy\" class=\"aligncenter size-medium wp-image-1285\" src=\"https:\/\/democraciaactiva.eu\/wp-content\/uploads\/2017\/01\/Transparencia2-300x175.jpg\" alt=\"\" width=\"300\" height=\"175\" \/><\/a><\/p>\n<p>Finalmente, respecto a la\u00a0petici\u00f3n de DCA \u00a0para que se publicaran los perfiles y trayectorias profesionales de los responsables de las \u00e1reas, Transparencia estima la alegaci\u00f3n del Ayuntamiento de San Roque sobre no publicar dicha informaci\u00f3n respecto a sus cargos de confianza, por lo que \u00e9stos seguir\u00e1n sin tener que justificar m\u00e9rito ni capacidad alguna para los puestos que sean elegidos.<\/p>\n<p>Respecto al resto de responsables, la Secretar\u00eda General certific\u00f3 que al menos\u00a0<strong>dos ediles llevaban a\u00f1o y medio sin entregar la declaraci\u00f3n obligatoria<\/strong>, aunque tras el requerimiento de Trasnparencia lo hab\u00edan hecho. DCA pudo comprobar que el perfil y trayectoria de los funcionarios responsables dista mucho del presentado por los pol\u00edticos \u00abque <strong>se limita a contarnos cu\u00e1ntos a\u00f1os llevan de militancia en el partido, sin exponer titulaci\u00f3n acad\u00e9mica ni experiencia profesional alguna<\/strong>\u00ab. Por ello DCA entiende que quienes realmente tienen formaci\u00f3n \u00abhan cedido a no publicarlos para no dejar en rid\u00edculo a los \u00abninis\u00bb de la pol\u00edtica que incorporan en sus filas, quedando todos con el mismo perfil chapucero como si no hubieran trabajado en su vida\u00bb, criticaron. <\/p>\n","protected":false},"excerpt":{"rendered":"<div class=\"mh-excerpt\"><p>En estos d\u00edas la Asociaci\u00f3n Defensa Ciudadana Activa ha recibido resoluci\u00f3n del Consejo de Transparencia en relaci\u00f3n a la publicidad activa del Ayuntamiento de San <a class=\"mh-excerpt-more\" href=\"https:\/\/democraciaactiva.eu\/?p=1283\" title=\"Transparencia resuelve nuevamente contra el Ayuntamiento de San Roque\">[&#8230;]<\/a><\/p>\n<\/div>","protected":false},"author":1,"featured_media":1284,"comment_status":"closed","ping_status":"open","sticky":false,"template":"","format":"standard","meta":[],"categories":[5,19],"tags":[],"_links":{"self":[{"href":"https:\/\/democraciaactiva.eu\/index.php?rest_route=\/wp\/v2\/posts\/1283"}],"collection":[{"href":"https:\/\/democraciaactiva.eu\/index.php?rest_route=\/wp\/v2\/posts"}],"about":[{"href":"https:\/\/democraciaactiva.eu\/index.php?rest_route=\/wp\/v2\/types\/post"}],"author":[{"embeddable":true,"href":"https:\/\/democraciaactiva.eu\/index.php?rest_route=\/wp\/v2\/users\/1"}],"replies":[{"embeddable":true,"href":"https:\/\/democraciaactiva.eu\/index.php?rest_route=%2Fwp%2Fv2%2Fcomments&post=1283"}],"version-history":[{"count":0,"href":"https:\/\/democraciaactiva.eu\/index.php?rest_route=\/wp\/v2\/posts\/1283\/revisions"}],"wp:featuredmedia":[{"embeddable":true,"href":"https:\/\/democraciaactiva.eu\/index.php?rest_route=\/"}],"wp:attachment":[{"href":"https:\/\/democraciaactiva.eu\/index.php?rest_route=%2Fwp%2Fv2%2Fmedia&parent=1283"}],"wp:term":[{"taxonomy":"category","embeddable":true,"href":"https:\/\/democraciaactiva.eu\/index.php?rest_route=%2Fwp%2Fv2%2Fcategories&post=1283"},{"taxonomy":"post_tag","embeddable":true,"href":"https:\/\/democraciaactiva.eu\/index.php?rest_route=%2Fwp%2Fv2%2Ftags&post=1283"}],"curies":[{"name":"wp","href":"https:\/\/api.w.org\/{rel}","templated":true}]}}