{"id":1277,"date":"2017-01-16T15:58:01","date_gmt":"2017-01-16T13:58:01","guid":{"rendered":"http:\/\/democraciaactiva.eu\/?p=1277"},"modified":"2017-01-16T15:58:01","modified_gmt":"2017-01-16T13:58:01","slug":"transparencia-cero-en-la-mancomunidad-de-municipios","status":"publish","type":"post","link":"https:\/\/democraciaactiva.eu\/?p=1277","title":{"rendered":"Transparencia cero en la Mancomunidad de Municipios del Campo de Gibraltar"},"content":{"rendered":"<p>En una revisi\u00f3n de distintas administraciones hemos comprobado que la Mancomunidad de Municipios mantiene cerrado su portal de transparencia, as\u00ed como cualquier medio telem\u00e1tico de comunicaci\u00f3n con los ciudadanos.<\/p>\n<p>\u00abQue a\u00fan se den situaciones as\u00ed <strong>a\u00f1os despu\u00e9s de la redacci\u00f3n de la Ley de Transparencia y una d\u00e9cada despu\u00e9s de la Ley para permitir el acceso telem\u00e1tico de los ciudadanos a los servicios p\u00fablicos<\/strong>, no parece de recibo en pleno Siglo XXI\u00bb, critican en DCA.<\/p>\n<p>Por ello desde la Asociaci\u00f3n se ha solicitado v\u00eda Diputaci\u00f3n de C\u00e1diz, cuyo registro telem\u00e1tico viene funcionando con normalidad, a la Mancomunidad de Municipios diferente documentaci\u00f3n que deber\u00eda constar en su Portal de Transparencia.<\/p>\n<p><a href=\"https:\/\/democraciaactiva.eu\/wp-content\/uploads\/2017\/01\/TransparenciaCG.jpg\"><img decoding=\"async\" loading=\"lazy\" class=\"aligncenter size-medium wp-image-1279\" src=\"https:\/\/democraciaactiva.eu\/wp-content\/uploads\/2017\/01\/TransparenciaCG-300x294.jpg\" alt=\"\" width=\"300\" height=\"294\" \/><\/a><\/p>\n<p>Igualmente se le solicita la activaci\u00f3n de dicho portal as\u00ed como de los medios telem\u00e1ticos necesarios para permitir el acceso de los ciudadanos a sus servicios.<\/p>\n<p>\u00abDebemos insistir en que, conforme a la Ley 11\/2007 de acceso de los ciudadanos a los servicios p\u00fablicos, las administraciones que no tuvieran medios para el acceso de los ciudadanos por medios electr\u00f3nicos deb\u00edan aprobar en sus presupuestos partidas y plazos para llevarlo acabo. Hoy, <strong>casi una d\u00e9cada despu\u00e9s de esa Ley, nos encontramos que la mayor\u00eda de administraciones, incluyendo todos los Ayuntamientos del Campo de Gibraltar y la propia Mancomunidad, no han hecho los deberes<\/strong>.<strong> Se han dedicado a gastar tiempo y dinero p\u00fablico en\u00a0sus perfiles de facebook, twitter y similares, fomentando el bombardeo con publicidad al ciudadano, mientras olvidan los medios para que \u00e9stos se comuniquen con la administraci\u00f3n<\/strong>\u00ab, finalizaron. <\/p>\n","protected":false},"excerpt":{"rendered":"<div class=\"mh-excerpt\"><p>En una revisi\u00f3n de distintas administraciones hemos comprobado que la Mancomunidad de Municipios mantiene cerrado su portal de transparencia, as\u00ed como cualquier medio telem\u00e1tico de <a class=\"mh-excerpt-more\" href=\"https:\/\/democraciaactiva.eu\/?p=1277\" title=\"Transparencia cero en la Mancomunidad de Municipios del Campo de Gibraltar\">[&#8230;]<\/a><\/p>\n<\/div>","protected":false},"author":1,"featured_media":1279,"comment_status":"closed","ping_status":"open","sticky":false,"template":"","format":"standard","meta":[],"categories":[5,8],"tags":[],"_links":{"self":[{"href":"https:\/\/democraciaactiva.eu\/index.php?rest_route=\/wp\/v2\/posts\/1277"}],"collection":[{"href":"https:\/\/democraciaactiva.eu\/index.php?rest_route=\/wp\/v2\/posts"}],"about":[{"href":"https:\/\/democraciaactiva.eu\/index.php?rest_route=\/wp\/v2\/types\/post"}],"author":[{"embeddable":true,"href":"https:\/\/democraciaactiva.eu\/index.php?rest_route=\/wp\/v2\/users\/1"}],"replies":[{"embeddable":true,"href":"https:\/\/democraciaactiva.eu\/index.php?rest_route=%2Fwp%2Fv2%2Fcomments&post=1277"}],"version-history":[{"count":0,"href":"https:\/\/democraciaactiva.eu\/index.php?rest_route=\/wp\/v2\/posts\/1277\/revisions"}],"wp:featuredmedia":[{"embeddable":true,"href":"https:\/\/democraciaactiva.eu\/index.php?rest_route=\/"}],"wp:attachment":[{"href":"https:\/\/democraciaactiva.eu\/index.php?rest_route=%2Fwp%2Fv2%2Fmedia&parent=1277"}],"wp:term":[{"taxonomy":"category","embeddable":true,"href":"https:\/\/democraciaactiva.eu\/index.php?rest_route=%2Fwp%2Fv2%2Fcategories&post=1277"},{"taxonomy":"post_tag","embeddable":true,"href":"https:\/\/democraciaactiva.eu\/index.php?rest_route=%2Fwp%2Fv2%2Ftags&post=1277"}],"curies":[{"name":"wp","href":"https:\/\/api.w.org\/{rel}","templated":true}]}}