{"id":1272,"date":"2016-12-20T10:08:02","date_gmt":"2016-12-20T08:08:02","guid":{"rendered":"http:\/\/democraciaactiva.eu\/?p=1272"},"modified":"2016-12-20T10:08:02","modified_gmt":"2016-12-20T08:08:02","slug":"piden-medidas-de-control-a-vehiculos-de-residentes","status":"publish","type":"post","link":"https:\/\/democraciaactiva.eu\/?p=1272","title":{"rendered":"Piden medidas de control a veh\u00edculos de residentes."},"content":{"rendered":"<p>La Asociaci\u00f3n Defensa Ciudadana Activa ha solicitado al Ayuntamiento de San Roque y a \u00a0la Jefatura Provincial de Tr\u00e1fico informaci\u00f3n sobre el n\u00famero de veh\u00edculos extranjeros que hayan realizado cambio de matr\u00edcula en los \u00faltimos dos a\u00f1os en la zona.<\/p>\n<p>Esta petici\u00f3n se realiza dentro del expediente informativo abierto tras la <strong>detecci\u00f3n de reiteradas infracciones por parte de veh\u00edculos con matr\u00edculas extranjeras que, sin embargo, llevan a\u00f1os en el municipio<\/strong>.<\/p>\n<p>\u00abAunque tienen la obligaci\u00f3n legal de cambiar las placas de matr\u00edcula\u00a0es conocido que numerosos residentes en la zona no lo hacen, con lo que\u00a0<strong>no pagan impuestos locales, no necesitan pasar la ITV regularmente, adem\u00e1s de ser mucho m\u00e1s dif\u00edcil de localizar a los infractores<\/strong> en caso de denuncia.\u00bb, informaron.<\/p>\n<p><a href=\"https:\/\/democraciaactiva.eu\/wp-content\/uploads\/2016\/12\/PMR.jpg\"><img decoding=\"async\" loading=\"lazy\" class=\"aligncenter size-medium wp-image-1273\" src=\"https:\/\/democraciaactiva.eu\/wp-content\/uploads\/2016\/12\/PMR-300x287.jpg\" alt=\"\" width=\"300\" height=\"287\" \/><\/a><\/p>\n<p>En los \u00faltimos d\u00edas vecinos de la zona publicaron fotograf\u00edas de veh\u00edculos con matr\u00edcula extranjera en redes sociales, ya que consideraron una falta de respeto a los dem\u00e1s el que ocupen, por ejemplo, plazas para personas de movilidad reducida sin autorizaci\u00f3n. Sin embargo al parecer incluso en algunos foros de Sotogrande donde fueron publicadas procedieron a su eliminaci\u00f3n. \u00abUna muestra m\u00e1s de <strong>los privilegios que consideran tener algunos residentes<\/strong>. Las redes sociales s\u00f3lo sirven de denuncia moral, pero visto que incluso eso se le niega a los ciudadanos hemos tomado la queja como denuncia formal. Esperamos que se act\u00fae con esta situaci\u00f3n que es de conocimiento p\u00fablico en beneficio de todos.\u00bb<\/p>\n<p>Por ello desde DCA se ha remitido esta petici\u00f3n a las administraciones competentes, <strong>sin descartar en un futuro ampliar a otras su solicitud en caso de que consideren que no se toman iniciativas de regularizaci\u00f3n<\/strong>. \u00ab<strong>No queremos veh\u00edculos con inmunidad para infringir las normas de tr\u00e1fico y con privilegios sobre los dem\u00e1s residentes en la zona. Por ello aconsejamos a todos los que utilicen veh\u00edculos de esta forma lo regularicen lo antes posible evitando la posibilidad de grandes sanciones econ\u00f3micas.<\/strong>\u00ab, finalizaron.<\/p>\n<p>&nbsp; <\/p>\n","protected":false},"excerpt":{"rendered":"<div class=\"mh-excerpt\"><p>La Asociaci\u00f3n Defensa Ciudadana Activa ha solicitado al Ayuntamiento de San Roque y a \u00a0la Jefatura Provincial de Tr\u00e1fico informaci\u00f3n sobre el n\u00famero de veh\u00edculos <a class=\"mh-excerpt-more\" href=\"https:\/\/democraciaactiva.eu\/?p=1272\" title=\"Piden medidas de control a veh\u00edculos de residentes.\">[&#8230;]<\/a><\/p>\n<\/div>","protected":false},"author":1,"featured_media":1273,"comment_status":"closed","ping_status":"open","sticky":false,"template":"","format":"standard","meta":[],"categories":[3,5,6,13],"tags":[],"_links":{"self":[{"href":"https:\/\/democraciaactiva.eu\/index.php?rest_route=\/wp\/v2\/posts\/1272"}],"collection":[{"href":"https:\/\/democraciaactiva.eu\/index.php?rest_route=\/wp\/v2\/posts"}],"about":[{"href":"https:\/\/democraciaactiva.eu\/index.php?rest_route=\/wp\/v2\/types\/post"}],"author":[{"embeddable":true,"href":"https:\/\/democraciaactiva.eu\/index.php?rest_route=\/wp\/v2\/users\/1"}],"replies":[{"embeddable":true,"href":"https:\/\/democraciaactiva.eu\/index.php?rest_route=%2Fwp%2Fv2%2Fcomments&post=1272"}],"version-history":[{"count":0,"href":"https:\/\/democraciaactiva.eu\/index.php?rest_route=\/wp\/v2\/posts\/1272\/revisions"}],"wp:featuredmedia":[{"embeddable":true,"href":"https:\/\/democraciaactiva.eu\/index.php?rest_route=\/"}],"wp:attachment":[{"href":"https:\/\/democraciaactiva.eu\/index.php?rest_route=%2Fwp%2Fv2%2Fmedia&parent=1272"}],"wp:term":[{"taxonomy":"category","embeddable":true,"href":"https:\/\/democraciaactiva.eu\/index.php?rest_route=%2Fwp%2Fv2%2Fcategories&post=1272"},{"taxonomy":"post_tag","embeddable":true,"href":"https:\/\/democraciaactiva.eu\/index.php?rest_route=%2Fwp%2Fv2%2Ftags&post=1272"}],"curies":[{"name":"wp","href":"https:\/\/api.w.org\/{rel}","templated":true}]}}