{"id":1265,"date":"2016-12-15T14:27:19","date_gmt":"2016-12-15T12:27:19","guid":{"rendered":"http:\/\/democraciaactiva.eu\/?p=1265"},"modified":"2016-12-15T14:27:19","modified_gmt":"2016-12-15T12:27:19","slug":"piden-al-alcalde-de-san-roque-que-no-les-incluya-en-sus-paranoias","status":"publish","type":"post","link":"https:\/\/democraciaactiva.eu\/?p=1265","title":{"rendered":"Piden al Alcalde de San Roque que no les incluya en sus paranoias."},"content":{"rendered":"<p>Desde la Asociaci\u00f3n Defensa Ciudadana Activa se han lamentado las \u00faltimas declaraciones del Alcalde de San Roque en referencia a la reclamaci\u00f3n a los Presupuestos Generales 2.017 que se remiti\u00f3 el pasado mes.<\/p>\n<p>Cabe recordar que el Alcalde acusaba al colectivo de plantear \u201cdistintas diferencias con el Gobierno Municipal\u201d y estar \u201ce<strong>n l\u00ednea claramente de castigar al grupo que lo preside<\/strong>\u201d. Por ello desde la Asociaci\u00f3n se ha aclarado que \u201c<strong>no estamos en l\u00ednea de castigar a nadie, y tenemos diferencias con cualquier administraci\u00f3n cuyo funcionamiento perjudique a los ciudadanos<\/strong>, tanto en San Roque como en Ambite (Madrid), Espartinas (Sevilla), Estepona (M\u00e1laga), Santurce (Bilbao), por poner s\u00f3lo unos ejemplos. El mismo cari\u00f1o nos tienen todos sus gobernantes.\u201d, ironizaron.<\/p>\n<p style=\"text-align: left;\"><a href=\"https:\/\/democraciaactiva.eu\/wp-content\/uploads\/2016\/12\/Nota-PSOE.jpg\"><img decoding=\"async\" loading=\"lazy\" class=\"aligncenter size-medium wp-image-1269\" src=\"https:\/\/democraciaactiva.eu\/wp-content\/uploads\/2016\/12\/Nota-PSOE-300x104.jpg\" alt=\"\" width=\"300\" height=\"104\" \/><\/a><!--more--><\/p>\n<p>\u201c<strong>Otras administraciones en cambio entienden nuestra labor, y colaboran con la soluci\u00f3n de la problem\u00e1tica<\/strong> que se viene detectando dando respuestas, no acudiendo a la prensa a llorar por lo mal que les tratamos, como el Ayuntamiento de Granada, de M\u00e1laga o de Vigo de los que podr\u00eda tomar ejemplo\u201d, insistieron.<\/p>\n<p>Por ello desde la Asociaci\u00f3n recuerdan al Alcalde que \u201c<strong>en nuestro colectivo no se permiten cargos org\u00e1nicos de partidos pol\u00edticos por Estatutos<\/strong>, por lo que nos da igual el partido que gobierne cualquier administraci\u00f3n, aunque no podemos evitar que los pol\u00edticos nos confundan con sus partidos rivales <strong>acostumbrados a tratar con asociaciones mucho m\u00e1s d\u00f3ciles por\u00a0su forma de trabajo<\/strong>.\u201d<\/p>\n<p>Una vez m\u00e1s destacaron que el Alcalde \u201c<strong>no entra al fondo de los asuntos<\/strong>, no explica que hemos reclamado los presupuestos por un motivo muy simple y que puede ser causa de nulidad de muchos otros procedimientos, y es que no han actualizado su proceder a las nuevas normas como la Ley de Transparencia.\u201d<\/p>\n<p>En su reclamaci\u00f3n\u00a0a los Presupuestos 2.017 Defensa Ciudadana Activa expone la normativa de Transparencia que entr\u00f3 en vigor el a\u00f1o pasado, por la cual <strong>cualquier documentaci\u00f3n que precise periodo de exposici\u00f3n p\u00fablica debe estar publicada en la web municipal durante ese tiempo<\/strong>. \u201cAnteriormente bastaba con un anuncio en el que invitaban a los ciudadanos a dejar su trabajo unas horas en la ma\u00f1ana, buscar alg\u00fan funcionario que supiera d\u00f3nde estaban los expedientes, y con suerte uno o dos d\u00edas m\u00e1s tarde poder consultarlo en dependencias municipales. Eso cambi\u00f3 el a\u00f1o pasado y actualmente debe publicarse en la web municipal e indicar el link concreto de acceso en el correspondiente anuncio\u201d, por lo que DCA exige que se cumpla esa norma para garantizar la informaci\u00f3n ciudadana.<\/p>\n<p>Por \u00faltimo DCA niega que su trabajo se centre en desacreditar la gesti\u00f3n del Gobierno. \u201c<strong>En absoluto dedicamos esfuerzo alguno a esa labor porque adem\u00e1s ya se desacreditan muy bien ellos solos<\/strong>. En San Roque realizamos una labor similar al resto de municipios en los que intervenimos o colaboramos con otras asociaciones, y aunque <a href=\"https:\/\/democraciaactiva.eu\/?p=361\">\u00e9ste fue el primer Alcalde que pidi\u00f3 a la oposici\u00f3n municipal un pacto contra nuestra Asociaci\u00f3n<\/a>, <strong>esperamos que recapacite y dedique menos tiempo a ponernos obst\u00e1culos y as\u00ed quiz\u00e1s le sobre algo para dar soluciones<\/strong>.\u201d, finalizaron. <\/p>\n","protected":false},"excerpt":{"rendered":"<div class=\"mh-excerpt\"><p>Desde la Asociaci\u00f3n Defensa Ciudadana Activa se han lamentado las \u00faltimas declaraciones del Alcalde de San Roque en referencia a la reclamaci\u00f3n a los Presupuestos <a class=\"mh-excerpt-more\" href=\"https:\/\/democraciaactiva.eu\/?p=1265\" title=\"Piden al Alcalde de San Roque que no les incluya en sus paranoias.\">[&#8230;]<\/a><\/p>\n<\/div>","protected":false},"author":1,"featured_media":1269,"comment_status":"closed","ping_status":"open","sticky":false,"template":"","format":"standard","meta":[],"categories":[8,19],"tags":[23,46,54],"_links":{"self":[{"href":"https:\/\/democraciaactiva.eu\/index.php?rest_route=\/wp\/v2\/posts\/1265"}],"collection":[{"href":"https:\/\/democraciaactiva.eu\/index.php?rest_route=\/wp\/v2\/posts"}],"about":[{"href":"https:\/\/democraciaactiva.eu\/index.php?rest_route=\/wp\/v2\/types\/post"}],"author":[{"embeddable":true,"href":"https:\/\/democraciaactiva.eu\/index.php?rest_route=\/wp\/v2\/users\/1"}],"replies":[{"embeddable":true,"href":"https:\/\/democraciaactiva.eu\/index.php?rest_route=%2Fwp%2Fv2%2Fcomments&post=1265"}],"version-history":[{"count":0,"href":"https:\/\/democraciaactiva.eu\/index.php?rest_route=\/wp\/v2\/posts\/1265\/revisions"}],"wp:featuredmedia":[{"embeddable":true,"href":"https:\/\/democraciaactiva.eu\/index.php?rest_route=\/"}],"wp:attachment":[{"href":"https:\/\/democraciaactiva.eu\/index.php?rest_route=%2Fwp%2Fv2%2Fmedia&parent=1265"}],"wp:term":[{"taxonomy":"category","embeddable":true,"href":"https:\/\/democraciaactiva.eu\/index.php?rest_route=%2Fwp%2Fv2%2Fcategories&post=1265"},{"taxonomy":"post_tag","embeddable":true,"href":"https:\/\/democraciaactiva.eu\/index.php?rest_route=%2Fwp%2Fv2%2Ftags&post=1265"}],"curies":[{"name":"wp","href":"https:\/\/api.w.org\/{rel}","templated":true}]}}