{"id":1260,"date":"2016-12-07T17:27:22","date_gmt":"2016-12-07T15:27:22","guid":{"rendered":"http:\/\/democraciaactiva.eu\/?p=1260"},"modified":"2016-12-07T17:27:22","modified_gmt":"2016-12-07T15:27:22","slug":"dca-pide-informacion-sobre-el-gasto-en-seguridad-ciudadana","status":"publish","type":"post","link":"https:\/\/democraciaactiva.eu\/?p=1260","title":{"rendered":"DCA pide informaci\u00f3n sobre el gasto en seguridad ciudadana"},"content":{"rendered":"<p style=\"text-align: justify;\">Solicitan la documentaci\u00f3n existente sobre el gasto de la partida anunciada en noviembre de 2.015, destinada seg\u00fan informaron los responsables pol\u00edticos a<strong> chalecos antibalas y comunicaciones<\/strong>.<\/p>\n<p style=\"text-align: justify;\">En su petici\u00f3n, DCA resalta <strong>la necesidad de este equipamiento en situaciones como los recientes altercados en zonas de San Roque donde llegaron a realizarse disparos, o las emergencias por inundaciones donde al parecer algunos agentes tuvieron que utilizar sus medios personales ante la falta de equipos.<\/strong><\/p>\n<p style=\"text-align: justify;\"><strong><a href=\"https:\/\/democraciaactiva.eu\/wp-content\/uploads\/2016\/12\/Nota.jpg\"><img decoding=\"async\" loading=\"lazy\" class=\"aligncenter size-medium wp-image-1261\" src=\"https:\/\/democraciaactiva.eu\/wp-content\/uploads\/2016\/12\/Nota-300x292.jpg\" alt=\"nota\" width=\"300\" height=\"292\" \/><\/a><\/strong><\/p>\n<p style=\"text-align: justify;\">Por ello desde la Asociaci\u00f3n entienden que \u00abson partidas de gasto prioritarias para el ciudadano, por lo que <strong>queremos comprobar si tambi\u00e9n lo son para los pol\u00edticos locales o s\u00f3lo fue material para una nota de prensa<\/strong>. Si se han desviado esos fondos para otros gastos, como el abono de n\u00f3minas de los cargos de confianza o nuevos ediles, subvenciones a festejos, o cualquier otra finalidad, deber\u00edan haberlo informado del mismo modo que anunciaron el a\u00f1o pasado un gasto que no se ha producido.\u00bb, criticaron.<\/p>\n<p style=\"text-align: justify;\">En su escrito la Asociaci\u00f3n resalta que \u00ab<strong>si hubieran comprado el material a buen seguro tendr\u00edamos alguna nota de prensa en la hemeroteca con foto de varios ediles<\/strong>, dado que es parte primordial de la pol\u00edtica local el fotografiarse con cada actuaci\u00f3n o intenci\u00f3n del gobierno\u00bb, por lo que esperan comprobar que esa nota de prensa no era simple propaganda para los ediles y se materializa en la adquisici\u00f3n del material prometido.<\/p>\n","protected":false},"excerpt":{"rendered":"<div class=\"mh-excerpt\"><p>Solicitan la documentaci\u00f3n existente sobre el gasto de la partida anunciada en noviembre de 2.015, destinada seg\u00fan informaron los responsables pol\u00edticos a chalecos antibalas y <a class=\"mh-excerpt-more\" href=\"https:\/\/democraciaactiva.eu\/?p=1260\" title=\"DCA pide informaci\u00f3n sobre el gasto en seguridad ciudadana\">[&#8230;]<\/a><\/p>\n<\/div>","protected":false},"author":1,"featured_media":0,"comment_status":"closed","ping_status":"open","sticky":false,"template":"","format":"standard","meta":[],"categories":[5,13],"tags":[48,49,54],"_links":{"self":[{"href":"https:\/\/democraciaactiva.eu\/index.php?rest_route=\/wp\/v2\/posts\/1260"}],"collection":[{"href":"https:\/\/democraciaactiva.eu\/index.php?rest_route=\/wp\/v2\/posts"}],"about":[{"href":"https:\/\/democraciaactiva.eu\/index.php?rest_route=\/wp\/v2\/types\/post"}],"author":[{"embeddable":true,"href":"https:\/\/democraciaactiva.eu\/index.php?rest_route=\/wp\/v2\/users\/1"}],"replies":[{"embeddable":true,"href":"https:\/\/democraciaactiva.eu\/index.php?rest_route=%2Fwp%2Fv2%2Fcomments&post=1260"}],"version-history":[{"count":0,"href":"https:\/\/democraciaactiva.eu\/index.php?rest_route=\/wp\/v2\/posts\/1260\/revisions"}],"wp:attachment":[{"href":"https:\/\/democraciaactiva.eu\/index.php?rest_route=%2Fwp%2Fv2%2Fmedia&parent=1260"}],"wp:term":[{"taxonomy":"category","embeddable":true,"href":"https:\/\/democraciaactiva.eu\/index.php?rest_route=%2Fwp%2Fv2%2Fcategories&post=1260"},{"taxonomy":"post_tag","embeddable":true,"href":"https:\/\/democraciaactiva.eu\/index.php?rest_route=%2Fwp%2Fv2%2Ftags&post=1260"}],"curies":[{"name":"wp","href":"https:\/\/api.w.org\/{rel}","templated":true}]}}