{"id":1255,"date":"2016-11-23T21:23:42","date_gmt":"2016-11-23T19:23:42","guid":{"rendered":"http:\/\/democraciaactiva.eu\/?p=1255"},"modified":"2016-11-23T21:23:42","modified_gmt":"2016-11-23T19:23:42","slug":"confirman-la-competencia-de-policia-local-en-los-abandonos-de-animales","status":"publish","type":"post","link":"https:\/\/democraciaactiva.eu\/?p=1255","title":{"rendered":"Confirman la competencia de Polic\u00eda Local ante los abandonos de animales"},"content":{"rendered":"<p style=\"text-align: justify;\">La Delegaci\u00f3n del Gobierno de la Junta de Andaluc\u00eda en C\u00e1diz ha confirmado a la Asociaci\u00f3n Defensa Ciudadana Activa\u00a0la competencia de la Polic\u00eda Local en denuncias sobre abandono animal en casco urbano.<\/p>\n<p style=\"text-align: justify;\">Cabe recordar que DCA realiz\u00f3 la solicitud de informaci\u00f3n a esta administraci\u00f3n en relaci\u00f3n al abandono de animales en una protectora de La L\u00ednea de la Concepci\u00f3n, en la que una persona dej\u00f3\u00a0a un gato de pocas semanas pese a que desde la protectora se le insisti\u00f3 en que estaban saturados y no ten\u00edan espacio. La persona que acud\u00eda a abandonar los animales all\u00ed protest\u00f3 e incluso acudi\u00f3 a la Polic\u00eda Local porque , tras recoger ese animal seg\u00fan indicaba de la puerta de su casa, consideraba \u00abque <strong>las protectoras deb\u00edan hacerse cargo de todos los animales que ella se encontrara, ya que estaban all\u00ed para eso\u00bb.<\/strong><\/p>\n<p style=\"text-align: justify;\"><a href=\"https:\/\/democraciaactiva.eu\/wp-content\/uploads\/2016\/11\/E16289.jpg\"><img decoding=\"async\" loading=\"lazy\" class=\"aligncenter size-medium wp-image-1257\" src=\"https:\/\/democraciaactiva.eu\/wp-content\/uploads\/2016\/11\/E16289-213x300.jpg\" alt=\"e16289\" width=\"213\" height=\"300\" \/><\/a><\/p>\n<p style=\"text-align: justify;\">La Polic\u00eda Local de La L\u00ednea no s\u00f3lo no procedi\u00f3 a denunciarla por incumplir la normativa sobre animales del propio Ayuntamiento, adem\u00e1s de la Ley de Protecci\u00f3n Animal, si no que incluso, siempre seg\u00fan declaraciones de la persona que abandon\u00f3 al peque\u00f1o gato, le dio la raz\u00f3n, \u00abpor lo que <strong>f\u00e1cilmente podr\u00eda continuar recogiendo todos los animales que encontrara en su calle\u00a0para abandonarlos en las instalaciones de la protectora<\/strong>. Una vez confirmada la ilegalidad de su actuaci\u00f3n en caso de repetirse proceder\u00edamos contra los agentes que no realicen su funci\u00f3n, ya que a esta persona ya la denunci\u00f3 la propia Asociaci\u00f3n Protectora.\u00bb<\/p>\n<p style=\"text-align: justify;\">Desde DCA se resalt\u00f3 la importancia de que la Polic\u00eda Local realice su funci\u00f3n de control de las ordenanzas, ya que la mayor\u00eda de animales abandonados ten\u00edan due\u00f1o, pero nadie controla que se encuentren chipados ni vacunados, cuando en la mayor\u00eda de los casos las autoridades conocen perfectamente estas situaciones. Por ello desde DCA se considera que uno de los principales motivos de los abandonos es la permisividad de las autoridades. \u00ab<strong>Si la Polic\u00eda Local en las ciudades y el SEPRONA fuera de ellas hicieran su trabajo correctamente no existir\u00edan tantos abandonos porque no se tendr\u00edan tantos animales de \u00abusar y tirar\u00bb<\/strong>, sobre todo perros, sin identificaci\u00f3n alguna\u00bb, denunciaron.<\/p>\n","protected":false},"excerpt":{"rendered":"<div class=\"mh-excerpt\"><p>La Delegaci\u00f3n del Gobierno de la Junta de Andaluc\u00eda en C\u00e1diz ha confirmado a la Asociaci\u00f3n Defensa Ciudadana Activa\u00a0la competencia de la Polic\u00eda Local en <a class=\"mh-excerpt-more\" href=\"https:\/\/democraciaactiva.eu\/?p=1255\" title=\"Confirman la competencia de Polic\u00eda Local ante los abandonos de animales\">[&#8230;]<\/a><\/p>\n<\/div>","protected":false},"author":1,"featured_media":0,"comment_status":"closed","ping_status":"open","sticky":false,"template":"","format":"standard","meta":[],"categories":[5,13],"tags":[],"_links":{"self":[{"href":"https:\/\/democraciaactiva.eu\/index.php?rest_route=\/wp\/v2\/posts\/1255"}],"collection":[{"href":"https:\/\/democraciaactiva.eu\/index.php?rest_route=\/wp\/v2\/posts"}],"about":[{"href":"https:\/\/democraciaactiva.eu\/index.php?rest_route=\/wp\/v2\/types\/post"}],"author":[{"embeddable":true,"href":"https:\/\/democraciaactiva.eu\/index.php?rest_route=\/wp\/v2\/users\/1"}],"replies":[{"embeddable":true,"href":"https:\/\/democraciaactiva.eu\/index.php?rest_route=%2Fwp%2Fv2%2Fcomments&post=1255"}],"version-history":[{"count":0,"href":"https:\/\/democraciaactiva.eu\/index.php?rest_route=\/wp\/v2\/posts\/1255\/revisions"}],"wp:attachment":[{"href":"https:\/\/democraciaactiva.eu\/index.php?rest_route=%2Fwp%2Fv2%2Fmedia&parent=1255"}],"wp:term":[{"taxonomy":"category","embeddable":true,"href":"https:\/\/democraciaactiva.eu\/index.php?rest_route=%2Fwp%2Fv2%2Fcategories&post=1255"},{"taxonomy":"post_tag","embeddable":true,"href":"https:\/\/democraciaactiva.eu\/index.php?rest_route=%2Fwp%2Fv2%2Ftags&post=1255"}],"curies":[{"name":"wp","href":"https:\/\/api.w.org\/{rel}","templated":true}]}}