{"id":1250,"date":"2016-11-18T18:53:10","date_gmt":"2016-11-18T16:53:10","guid":{"rendered":"http:\/\/democraciaactiva.eu\/?p=1250"},"modified":"2016-11-18T18:53:10","modified_gmt":"2016-11-18T16:53:10","slug":"la-noche-de-la-tapa-confunde-al-alcalde-de-san-roque","status":"publish","type":"post","link":"https:\/\/democraciaactiva.eu\/?p=1250","title":{"rendered":"La \u00abNoche de la Tapa\u00bb confunde al Alcalde de San Roque"},"content":{"rendered":"<p style=\"text-align: justify;\">Tras la promoci\u00f3n oficial del Ayuntamiento de San Roque de la \u00abNoche de la Tapa\u00bb, celebrada a principios de agosto en Torreguadiaro, la asociaci\u00f3n Defensa Ciudadana Activa <strong>solicit\u00f3 informaci\u00f3n del procedimiento para este tipo de actos, de modo que todas las asociaciones y colectivos pudieran seguir el ejemplo.<\/strong><\/p>\n<p style=\"text-align: justify;\"><strong><a href=\"https:\/\/democraciaactiva.eu\/wp-content\/uploads\/2016\/11\/noche-tapa-torreg4.jpg\"><img decoding=\"async\" loading=\"lazy\" class=\"aligncenter size-medium wp-image-1251\" src=\"https:\/\/democraciaactiva.eu\/wp-content\/uploads\/2016\/11\/noche-tapa-torreg4-300x225.jpg\" alt=\"noche-tapa-torreg4\" width=\"300\" height=\"225\" \/><\/a><\/strong><\/p>\n<p style=\"text-align: justify;\">El evento, con el que <strong>colabor\u00f3 el propio Ayuntamiento seg\u00fan la carteler\u00eda realizada para la ocasi\u00f3n y fue visitado incluso por el propio Alcalde<\/strong>, consist\u00eda en la ocupaci\u00f3n de una plaza p\u00fablica por parte de un colectivo local en el que los socios aportaban tapas y raciones cocinadas en casa a precios m\u00f3dicos, vendiendo tambi\u00e9n refrescos y bebidas alcoh\u00f3licas aunque \u00e9stas \u00faltimas algo m\u00e1s caras (3 euros).<\/p>\n<p style=\"text-align: justify;\"><a href=\"https:\/\/democraciaactiva.eu\/wp-content\/uploads\/2016\/11\/Alcalde.jpg\"><img decoding=\"async\" loading=\"lazy\" class=\"aligncenter size-medium wp-image-1252\" src=\"https:\/\/democraciaactiva.eu\/wp-content\/uploads\/2016\/11\/Alcalde-300x225.jpg\" alt=\"alcalde\" width=\"300\" height=\"225\" \/><\/a><\/p>\n<p style=\"text-align: justify;\">Seg\u00fan declaraciones del propio Alcalde <strong>estas actividades formaban ya parte de las rutas tur\u00edsticas del municipio y serv\u00edan para financiar a las asociaciones organizadoras.<\/strong><\/p>\n<p style=\"text-align: justify;\">Sin embargo a la consulta realizada por DCA el Ayuntamiento ha remitido un informe sobre el IV\u00a0TRIATLON-SPRINT TRIROQUE, que se celebr\u00f3 mes y medio despu\u00e9s que el acto solicitado. En este informe se refieren a la \u00abRuta de la Tapa\u00bb que no precisaba ninguna documentaci\u00f3n ya que se realizaba por los establecimientos de la localidad, sin referencia alguna al acto sobre el que se ped\u00eda informaci\u00f3n.<\/p>\n<p style=\"text-align: justify;\"><a href=\"https:\/\/democraciaactiva.eu\/wp-content\/uploads\/2016\/11\/Noche-de-la-Tapa.jpg\"><img decoding=\"async\" loading=\"lazy\" class=\"aligncenter size-medium wp-image-1253\" src=\"https:\/\/democraciaactiva.eu\/wp-content\/uploads\/2016\/11\/Noche-de-la-Tapa-242x300.jpg\" alt=\"noche-de-la-tapa\" width=\"242\" height=\"300\" \/><\/a><\/p>\n<p style=\"text-align: justify;\">Por ello desde DCA <strong>lamentan \u00abel caos organizativo que debe reinar en un Ayuntamiento que confunde actividades tan dispares<\/strong>, celebradas en meses distintos, y que aunque desconocemos si el Alcalde particip\u00f3 en el Triatl\u00f3n estamos seguros que estuvo en la Noche de la Tapa por lo que <strong>mucho debi\u00f3 confundirle para haberlo olvidado<\/strong>\u00ab, ironizaron.<\/p>\n<p style=\"text-align: justify;\">Justificando la confusi\u00f3n administrativa, desde DCA se ha recordado, con fotograf\u00edas incluso del evento, a la Alcald\u00eda qu\u00e9 actividad fue la que realiz\u00f3, esperando que puedan informar de lo solicitado. \u00ab<strong>Conocemos colectivos que han sido denunciados por intentar de forma similar obtener ingresos para financiaci\u00f3n de sus actividades, incluso deportivas, por lo que entendemos de gran importancia la informaci\u00f3n ciudadana<\/strong>. <strong>De haber\u00a0seguido el protocolo no s\u00f3lo habr\u00edan podido obtener esa financiaci\u00f3n extra si no que hasta habr\u00edan sido patrocinados por el Ayuntamiento, como fue el caso de la Noche de la Tapa\u00bb<\/strong><\/p>\n<p style=\"text-align: justify;\">Por \u00faltimo desde DCA se inform\u00f3 que <strong>pondr\u00e1n el caso en conocimiento del Defensor del Pueblo Andaluz<\/strong>, ya que debido a <strong>la falta de informaci\u00f3n ha provocado en otros colectivos incluso denuncias por venta de alimentos o bebidas alcoh\u00f3licas, o no han podido utilizar espacios p\u00fablicos<\/strong>, por lo que estos procedimientos deben llegar a toda la ciudadan\u00eda de forma mucho m\u00e1s r\u00e1pida\u00bb, finalizaron.<\/p>\n","protected":false},"excerpt":{"rendered":"<div class=\"mh-excerpt\"><p>Tras la promoci\u00f3n oficial del Ayuntamiento de San Roque de la \u00abNoche de la Tapa\u00bb, celebrada a principios de agosto en Torreguadiaro, la asociaci\u00f3n Defensa <a class=\"mh-excerpt-more\" href=\"https:\/\/democraciaactiva.eu\/?p=1250\" title=\"La \u00abNoche de la Tapa\u00bb confunde al Alcalde de San Roque\">[&#8230;]<\/a><\/p>\n<\/div>","protected":false},"author":1,"featured_media":0,"comment_status":"closed","ping_status":"open","sticky":false,"template":"","format":"standard","meta":[],"categories":[5],"tags":[],"_links":{"self":[{"href":"https:\/\/democraciaactiva.eu\/index.php?rest_route=\/wp\/v2\/posts\/1250"}],"collection":[{"href":"https:\/\/democraciaactiva.eu\/index.php?rest_route=\/wp\/v2\/posts"}],"about":[{"href":"https:\/\/democraciaactiva.eu\/index.php?rest_route=\/wp\/v2\/types\/post"}],"author":[{"embeddable":true,"href":"https:\/\/democraciaactiva.eu\/index.php?rest_route=\/wp\/v2\/users\/1"}],"replies":[{"embeddable":true,"href":"https:\/\/democraciaactiva.eu\/index.php?rest_route=%2Fwp%2Fv2%2Fcomments&post=1250"}],"version-history":[{"count":0,"href":"https:\/\/democraciaactiva.eu\/index.php?rest_route=\/wp\/v2\/posts\/1250\/revisions"}],"wp:attachment":[{"href":"https:\/\/democraciaactiva.eu\/index.php?rest_route=%2Fwp%2Fv2%2Fmedia&parent=1250"}],"wp:term":[{"taxonomy":"category","embeddable":true,"href":"https:\/\/democraciaactiva.eu\/index.php?rest_route=%2Fwp%2Fv2%2Fcategories&post=1250"},{"taxonomy":"post_tag","embeddable":true,"href":"https:\/\/democraciaactiva.eu\/index.php?rest_route=%2Fwp%2Fv2%2Ftags&post=1250"}],"curies":[{"name":"wp","href":"https:\/\/api.w.org\/{rel}","templated":true}]}}