{"id":1234,"date":"2016-11-15T20:06:08","date_gmt":"2016-11-15T18:06:08","guid":{"rendered":"http:\/\/democraciaactiva.eu\/?p=1234"},"modified":"2016-11-15T20:06:08","modified_gmt":"2016-11-15T18:06:08","slug":"dca-pide-transparencia-en-cogollos-vega-granada","status":"publish","type":"post","link":"https:\/\/democraciaactiva.eu\/?p=1234","title":{"rendered":"DCA pide transparencia en Cogollos Vega (Granada)"},"content":{"rendered":"<p style=\"text-align: justify;\">Tras tener conocimiento de la exigencia del Ayuntamiento de Cogollos Vega (Granada) de <strong>casi 600 euros en tasas a las asociaciones vecinales que solicitan copias de las actas plenarias<\/strong>, desde la Asociaci\u00f3n Defensa Ciudadana Activa entienden que \u00abesta localidad <strong>tiene un d\u00e9ficit de transparencia alarmante<\/strong>\u00ab, por lo que han solicitado documentaci\u00f3n al Consistorio iniciando un expediente informativo sobre el mismo.<\/p>\n<p style=\"text-align: justify;\"><a href=\"https:\/\/democraciaactiva.eu\/wp-content\/uploads\/2016\/11\/Cogollos.jpg\"><img decoding=\"async\" loading=\"lazy\" class=\"aligncenter size-medium wp-image-1236\" src=\"https:\/\/democraciaactiva.eu\/wp-content\/uploads\/2016\/11\/Cogollos-225x300.jpg\" alt=\"cogollos\" width=\"225\" height=\"300\" \/><\/a><\/p>\n<p style=\"text-align: justify;\">\u00abEn principio se ha iniciado un expediente informativo por el que se comprobar\u00e1 si, como parece a tenor de la documentaci\u00f3n que se ha publicado, existen irregularidades que exijan tomar otras medidas para aclarar lo sucedido\u00bb, indicaron.<\/p>\n<p style=\"text-align: justify;\">En el escrito inicial <strong>se solicitan las actas de pleno y Decretos de Alcald\u00ed<\/strong>a de los \u00faltimos dos a\u00f1os, indicando\u00a0expresamente la v\u00eda telem\u00e1tica para su recepci\u00f3n, por lo que <strong>conforme a la Ley de Transparencia\u00a0no deber\u00eda tener coste alguno<\/strong>.\u00a0Adem\u00e1s de ello, por lo elevado de la tasa que al parecer se pretende cobrar a los vecinos, <strong>se ha solicitado igualmente el informe t\u00e9cnico-financiero preceptivo para la aprobaci\u00f3n de las tasas<\/strong>, que conforme a la Ley de Haciendas Locales no puede superar el coste real del servicio.<\/p>\n<p style=\"text-align: justify;\">En todo caso, si el Consistorio\u00a0solicitara alguna cantidad por el uso de la v\u00eda telem\u00e1tica, desde DCA pedir\u00edan el <strong>inicio de un expediente por responsabilidad patrimonial<\/strong> de la administraci\u00f3n p\u00fablica, considerando que el coste es resultado de la mala gesti\u00f3n municipal y la falta de aplicaci\u00f3n de la normativa vigente.<a href=\"https:\/\/democraciaactiva.eu\/wp-content\/uploads\/2016\/11\/S16527-2.jpg\"><img decoding=\"async\" loading=\"lazy\" class=\"aligncenter size-medium wp-image-1237\" src=\"https:\/\/democraciaactiva.eu\/wp-content\/uploads\/2016\/11\/S16527-2-212x300.jpg\" alt=\"s16527-2\" width=\"212\" height=\"300\" \/><\/a><\/p>\n<p style=\"text-align: justify;\">La pr\u00f3xima semana, tras la Asamblea anual que tendr\u00e1 lugar el pr\u00f3ximo d\u00eda 20 en El Puerto de Santa Mar\u00eda, la nueva directiva estudiar\u00e1\u00a0el inicio de nuevas medidas sobre este Ayuntamiento que,\u00a0\u00abs\u00f3lo <strong>en las primeras consultas que hemos tratado de realizar parece estar a\u00fan anclado en la administraci\u00f3n del siglo pasado<\/strong>. No parecen cumplir ni de lejos ninguna de las nuevas normas para la transparencia, el acceso a la informaci\u00f3n p\u00fablica, o el uso de medios telem\u00e1ticos,\u00a0algo que entendemos vulnera frontalmente los derechos de los ciudadanos.\u00bb, finalizaron.<\/p>\n","protected":false},"excerpt":{"rendered":"<div class=\"mh-excerpt\"><p>Tras tener conocimiento de la exigencia del Ayuntamiento de Cogollos Vega (Granada) de casi 600 euros en tasas a las asociaciones vecinales que solicitan copias <a class=\"mh-excerpt-more\" href=\"https:\/\/democraciaactiva.eu\/?p=1234\" title=\"DCA pide transparencia en Cogollos Vega (Granada)\">[&#8230;]<\/a><\/p>\n<\/div>","protected":false},"author":1,"featured_media":0,"comment_status":"closed","ping_status":"open","sticky":false,"template":"","format":"standard","meta":[],"categories":[5,8],"tags":[],"_links":{"self":[{"href":"https:\/\/democraciaactiva.eu\/index.php?rest_route=\/wp\/v2\/posts\/1234"}],"collection":[{"href":"https:\/\/democraciaactiva.eu\/index.php?rest_route=\/wp\/v2\/posts"}],"about":[{"href":"https:\/\/democraciaactiva.eu\/index.php?rest_route=\/wp\/v2\/types\/post"}],"author":[{"embeddable":true,"href":"https:\/\/democraciaactiva.eu\/index.php?rest_route=\/wp\/v2\/users\/1"}],"replies":[{"embeddable":true,"href":"https:\/\/democraciaactiva.eu\/index.php?rest_route=%2Fwp%2Fv2%2Fcomments&post=1234"}],"version-history":[{"count":0,"href":"https:\/\/democraciaactiva.eu\/index.php?rest_route=\/wp\/v2\/posts\/1234\/revisions"}],"wp:attachment":[{"href":"https:\/\/democraciaactiva.eu\/index.php?rest_route=%2Fwp%2Fv2%2Fmedia&parent=1234"}],"wp:term":[{"taxonomy":"category","embeddable":true,"href":"https:\/\/democraciaactiva.eu\/index.php?rest_route=%2Fwp%2Fv2%2Fcategories&post=1234"},{"taxonomy":"post_tag","embeddable":true,"href":"https:\/\/democraciaactiva.eu\/index.php?rest_route=%2Fwp%2Fv2%2Ftags&post=1234"}],"curies":[{"name":"wp","href":"https:\/\/api.w.org\/{rel}","templated":true}]}}