{"id":1224,"date":"2016-11-14T13:12:22","date_gmt":"2016-11-14T11:12:22","guid":{"rendered":"http:\/\/democraciaactiva.eu\/?p=1224"},"modified":"2016-11-14T13:12:22","modified_gmt":"2016-11-14T11:12:22","slug":"san-roque-continua-la-creacion-de-nuevas-barreras-arquitectonicas","status":"publish","type":"post","link":"https:\/\/democraciaactiva.eu\/?p=1224","title":{"rendered":"San Roque contin\u00faa la creaci\u00f3n de nuevas barreras arquitect\u00f3nicas."},"content":{"rendered":"<p style=\"text-align: justify;\">Desde hace meses se ha detectado la elevaci\u00f3n del acerado del municipio en distintos puntos, <strong>muy por encima del m\u00e1ximo legal de 12 cms. llegando hasta superar los 19 cms.<\/strong> en algunos puntos. Estas reformas, que desde el Consistorio <strong>se pretenden vender como \u00abeliminaci\u00f3n de barreras\u00bb en realidad suponen todo lo contrario.<a href=\"https:\/\/democraciaactiva.eu\/wp-content\/uploads\/2016\/11\/Barrera1.jpg\"><img decoding=\"async\" loading=\"lazy\" class=\"aligncenter size-medium wp-image-1230\" src=\"https:\/\/democraciaactiva.eu\/wp-content\/uploads\/2016\/11\/Barrera1-169x300.jpg\" alt=\"barrera1\" width=\"169\" height=\"300\" \/><\/a><\/strong><\/p>\n<p style=\"text-align: justify;\">\n<p style=\"text-align: justify;\">\u00abVulneran la legalidad creando unas <strong>alturas que podr\u00edan provocar graves da\u00f1os a cualquier persona que tuviera una ca\u00edda. A los niveles que est\u00e1n elev\u00e1ndolos ser\u00eda incluso obligatoria la instalaci\u00f3n de barandas de seguridad<\/strong>, pero probablemente por desconocimiento lo venden a la ciudadan\u00eda como eliminaci\u00f3n de barreras. <strong>Cambiar una losa en mal estado no es eliminar una barrera, pero elevar de 15 a 20 cms. la altura de los bordillos s\u00ed es crear barreras.<\/strong>\u00ab, indicaron desde DCA.<\/p>\n<p style=\"text-align: justify;\"><a href=\"https:\/\/democraciaactiva.eu\/wp-content\/uploads\/2016\/11\/Bordillo2.jpg\"><img decoding=\"async\" loading=\"lazy\" class=\"aligncenter size-medium wp-image-1229\" src=\"https:\/\/democraciaactiva.eu\/wp-content\/uploads\/2016\/11\/Bordillo2-169x300.jpg\" alt=\"bordillo2\" width=\"169\" height=\"300\" \/><\/a><\/p>\n<p style=\"text-align: justify;\">Por este motivo desde la Asociaci\u00f3n Defensa Ciudadana Activa se ha solicitado al Ayuntamiento de San Roque copia de la documentaci\u00f3n administrativa empleada para las citadas reformas, esperando que incluyan las alturas a las que han dejado los bordillos o informe t\u00e9cnico que justifique estas medidas. \u00abNo es nada nuevo, en cada reforma ocurre lo mismo. Unas veces lo justifican por si los coches suben a la acera, otras por si el agua podr\u00eda llegar a las baldosas, pero la realidad es s\u00f3lo una: Todo eso ya lo pensar\u00eda el legislador y por eso existen unas normas que incumplen reiterada y sistem\u00e1ticamente.\u00bb, criticaron.<\/p>\n<p style=\"text-align: justify;\">Cabe recordar que otros colectivos, como la Asociaci\u00f3n Cota Cero, solicitaron informaci\u00f3n sobre el mismo problema en otras calles del municipio, sin soluci\u00f3n hasta la fecha, por lo que insisten en que \u00abla elevaci\u00f3n de las aceras constituye el m\u00e1s habitual de los motivos por los que las barreras arquitect\u00f3nicas cada vez son m\u00e1s numerosas, suponemos que por ignorancia de los responsables municipales. <strong>Donde antes no exist\u00eda apenas desnivel ahora construyen muros con bordillos de 20 cms.<\/strong> <strong>sin pensar que mucha gente no puede saltarlos tan f\u00e1cilmente.\u00bb<\/strong><\/p>\n<figure id=\"attachment_1231\" aria-describedby=\"caption-attachment-1231\" style=\"width: 300px\" class=\"wp-caption aligncenter\"><a href=\"https:\/\/democraciaactiva.eu\/wp-content\/uploads\/2016\/11\/Acera-antes-2.jpg\"><img decoding=\"async\" loading=\"lazy\" class=\"wp-image-1231 size-medium\" src=\"https:\/\/democraciaactiva.eu\/wp-content\/uploads\/2016\/11\/Acera-antes-2-300x169.jpg\" width=\"300\" height=\"169\" \/><\/a><figcaption id=\"caption-attachment-1231\" class=\"wp-caption-text\">Acerado anterior, con desnivel m\u00ednimo.<\/figcaption><\/figure>\n<figure id=\"attachment_1232\" aria-describedby=\"caption-attachment-1232\" style=\"width: 200px\" class=\"wp-caption aligncenter\"><a href=\"https:\/\/democraciaactiva.eu\/wp-content\/uploads\/2016\/11\/Acera-Actual-1.jpg\"><img decoding=\"async\" loading=\"lazy\" class=\"wp-image-1232 size-medium\" title=\"Acerado reformado a 18-20 cms. de altura\" src=\"https:\/\/democraciaactiva.eu\/wp-content\/uploads\/2016\/11\/Acera-Actual-1-200x300.jpg\" width=\"200\" height=\"300\" \/><\/a><figcaption id=\"caption-attachment-1232\" class=\"wp-caption-text\">Acerado elevado a 18 cms.<\/figcaption><\/figure>\n<p style=\"text-align: justify;\">En este sentido desde DCA se incidi\u00f3 en que \u00ab<strong>de nada sirve tener adem\u00e1s de Alcalde, Concejal Delegado, Asesor del Delegado y as\u00ed toda una legi\u00f3n de cargos de confianza si ninguno sabe lo que est\u00e1 haciendo. El resultado es igual de chapucero\u00a0s\u00f3lo que mucho m\u00e1s caro para los ciudadanos<\/strong>\u00ab, finalizaron.<\/p>\n","protected":false},"excerpt":{"rendered":"<div class=\"mh-excerpt\"><p>Desde hace meses se ha detectado la elevaci\u00f3n del acerado del municipio en distintos puntos, muy por encima del m\u00e1ximo legal de 12 cms. llegando <a class=\"mh-excerpt-more\" href=\"https:\/\/democraciaactiva.eu\/?p=1224\" title=\"San Roque contin\u00faa la creaci\u00f3n de nuevas barreras arquitect\u00f3nicas.\">[&#8230;]<\/a><\/p>\n<\/div>","protected":false},"author":1,"featured_media":0,"comment_status":"closed","ping_status":"open","sticky":false,"template":"","format":"standard","meta":[],"categories":[3,5],"tags":[],"_links":{"self":[{"href":"https:\/\/democraciaactiva.eu\/index.php?rest_route=\/wp\/v2\/posts\/1224"}],"collection":[{"href":"https:\/\/democraciaactiva.eu\/index.php?rest_route=\/wp\/v2\/posts"}],"about":[{"href":"https:\/\/democraciaactiva.eu\/index.php?rest_route=\/wp\/v2\/types\/post"}],"author":[{"embeddable":true,"href":"https:\/\/democraciaactiva.eu\/index.php?rest_route=\/wp\/v2\/users\/1"}],"replies":[{"embeddable":true,"href":"https:\/\/democraciaactiva.eu\/index.php?rest_route=%2Fwp%2Fv2%2Fcomments&post=1224"}],"version-history":[{"count":0,"href":"https:\/\/democraciaactiva.eu\/index.php?rest_route=\/wp\/v2\/posts\/1224\/revisions"}],"wp:attachment":[{"href":"https:\/\/democraciaactiva.eu\/index.php?rest_route=%2Fwp%2Fv2%2Fmedia&parent=1224"}],"wp:term":[{"taxonomy":"category","embeddable":true,"href":"https:\/\/democraciaactiva.eu\/index.php?rest_route=%2Fwp%2Fv2%2Fcategories&post=1224"},{"taxonomy":"post_tag","embeddable":true,"href":"https:\/\/democraciaactiva.eu\/index.php?rest_route=%2Fwp%2Fv2%2Ftags&post=1224"}],"curies":[{"name":"wp","href":"https:\/\/api.w.org\/{rel}","templated":true}]}}