{"id":1210,"date":"2016-10-09T23:21:50","date_gmt":"2016-10-09T21:21:50","guid":{"rendered":"http:\/\/democraciaactiva.eu\/?p=1210"},"modified":"2016-10-09T23:21:50","modified_gmt":"2016-10-09T21:21:50","slug":"dca-fiscaliza-cargos-de-educacion-en-malaga","status":"publish","type":"post","link":"https:\/\/democraciaactiva.eu\/?p=1210","title":{"rendered":"DCA fiscaliza cargos de Educaci\u00f3n en M\u00e1laga"},"content":{"rendered":"<p>El pasado mes de septiembre solicitamos a la Delegaci\u00f3n Territorial de Educaci\u00f3n en M\u00e1laga copia del expediente de servicio complementario de comedor del CEIP Luis Braille de la capital. Esta informaci\u00f3n es necesaria para los expedientes sobre aplicaci\u00f3n de la orden de servicios complementarios que tenemos en tr\u00e1mite, recibiendo hace unos d\u00edas\u00a0negativa por parte del Jefe de Servicio de Planificaci\u00f3n y Escolarizaci\u00f3n en M\u00e1laga.<\/p>\n<p>Lo primero que llama la atenci\u00f3n es que en su resoluci\u00f3n <strong>no informe de los recursos que procedan en caso de no estar conformes con la misma<\/strong>, algo b\u00e1sico que cualquier administraci\u00f3n debe hacer. Lo segundo que recurra a una Ley obsoleta y hoy derogada como la 30\/92 para, <strong>con la excusa de la supuesta falta de inter\u00e9s<\/strong> de esta Asociaci\u00f3n en el expediente, negar el acceso al mismo.<\/p>\n<p>Por ello deducimos que el responsable <strong>desconoce que desde la aprobaci\u00f3n de la Ley de Transparencia toda la documentaci\u00f3n existente en las administraciones p\u00fablicas pasa a ser p\u00fablica<\/strong>, y no puede exigirnos demostrar un supuesto inter\u00e9s que desconoce.<\/p>\n<p><a href=\"https:\/\/democraciaactiva.eu\/wp-content\/uploads\/2016\/10\/S16285.jpg\"><img decoding=\"async\" loading=\"lazy\" class=\"aligncenter size-medium wp-image-1211\" src=\"https:\/\/democraciaactiva.eu\/wp-content\/uploads\/2016\/10\/S16285-210x300.jpg\" alt=\"s16285\" width=\"210\" height=\"300\" \/><\/a> <a href=\"https:\/\/democraciaactiva.eu\/wp-content\/uploads\/2016\/10\/S16285-2.jpg\"><img decoding=\"async\" loading=\"lazy\" class=\"aligncenter size-medium wp-image-1212\" src=\"https:\/\/democraciaactiva.eu\/wp-content\/uploads\/2016\/10\/S16285-2-210x300.jpg\" alt=\"s16285-2\" width=\"210\" height=\"300\" \/><\/a><\/p>\n<p>A partir de ese punto, en primer lugar hemos cursado<strong> reclamaci\u00f3n ante el Consejo de Transparencia de Andaluc\u00eda<\/strong>, aunque la administraci\u00f3n de la Junta de Andaluc\u00eda olvidara informarnos, y en segundo <strong>hemos solicitado a la Delegaci\u00f3n de Educaci\u00f3n que declare nula tal resoluci\u00f3n<\/strong> por carecer de los requisitos necesarios.<\/p>\n<p>Este expediente saca a relucir, una vez m\u00e1s, <strong>la importante labor de obstrucci\u00f3n contra los ciudadanos que desempe\u00f1an determinados funcionarios<\/strong>, por lo que surge una vez m\u00e1s la duda de si sus negativas se deben a la ignorancia o la mala fe. Por ello, para aclarar un poco m\u00e1s si puede ser simplemente que los cargos de direcci\u00f3n desconozcan la normativa, hemos solicitado a la Delegaci\u00f3n Territorial de Educaci\u00f3n en M\u00e1laga la informaci\u00f3n que deben haber publicado conforme al art. 10.1.c de la Ley de Transparencia. Es decir, <strong>el organigrama del Servicio de Planificaci\u00f3n y Escolarizaci\u00f3n que nos niega acceso al expediente, y el perfil y trayectoria profesional del responsable en cuesti\u00f3n que lo firma. De momento s\u00f3lo conocemos que ha sido candidato a las elecciones municipales de M\u00e1laga por el partido gobernante en la Junta de Andaluc\u00eda,\u00a0lo cual no presupone que tenga conocimientos para el puesto que ocupa.<a href=\"https:\/\/democraciaactiva.eu\/wp-content\/uploads\/2016\/10\/S16517.jpg\"><img decoding=\"async\" loading=\"lazy\" class=\"aligncenter size-medium wp-image-1213\" src=\"https:\/\/democraciaactiva.eu\/wp-content\/uploads\/2016\/10\/S16517-212x300.jpg\" alt=\"s16517\" width=\"212\" height=\"300\" \/><\/a><\/strong> <\/p>\n","protected":false},"excerpt":{"rendered":"<div class=\"mh-excerpt\"><p>El pasado mes de septiembre solicitamos a la Delegaci\u00f3n Territorial de Educaci\u00f3n en M\u00e1laga copia del expediente de servicio complementario de comedor del CEIP Luis <a class=\"mh-excerpt-more\" href=\"https:\/\/democraciaactiva.eu\/?p=1210\" title=\"DCA fiscaliza cargos de Educaci\u00f3n en M\u00e1laga\">[&#8230;]<\/a><\/p>\n<\/div>","protected":false},"author":1,"featured_media":0,"comment_status":"closed","ping_status":"open","sticky":false,"template":"","format":"standard","meta":[],"categories":[5,8,9],"tags":[],"_links":{"self":[{"href":"https:\/\/democraciaactiva.eu\/index.php?rest_route=\/wp\/v2\/posts\/1210"}],"collection":[{"href":"https:\/\/democraciaactiva.eu\/index.php?rest_route=\/wp\/v2\/posts"}],"about":[{"href":"https:\/\/democraciaactiva.eu\/index.php?rest_route=\/wp\/v2\/types\/post"}],"author":[{"embeddable":true,"href":"https:\/\/democraciaactiva.eu\/index.php?rest_route=\/wp\/v2\/users\/1"}],"replies":[{"embeddable":true,"href":"https:\/\/democraciaactiva.eu\/index.php?rest_route=%2Fwp%2Fv2%2Fcomments&post=1210"}],"version-history":[{"count":0,"href":"https:\/\/democraciaactiva.eu\/index.php?rest_route=\/wp\/v2\/posts\/1210\/revisions"}],"wp:attachment":[{"href":"https:\/\/democraciaactiva.eu\/index.php?rest_route=%2Fwp%2Fv2%2Fmedia&parent=1210"}],"wp:term":[{"taxonomy":"category","embeddable":true,"href":"https:\/\/democraciaactiva.eu\/index.php?rest_route=%2Fwp%2Fv2%2Fcategories&post=1210"},{"taxonomy":"post_tag","embeddable":true,"href":"https:\/\/democraciaactiva.eu\/index.php?rest_route=%2Fwp%2Fv2%2Ftags&post=1210"}],"curies":[{"name":"wp","href":"https:\/\/api.w.org\/{rel}","templated":true}]}}