{"id":1205,"date":"2016-10-06T17:10:19","date_gmt":"2016-10-06T15:10:19","guid":{"rendered":"http:\/\/democraciaactiva.eu\/?p=1205"},"modified":"2016-10-06T17:10:19","modified_gmt":"2016-10-06T15:10:19","slug":"en-preparacion-la-segunda-jornada-de-formacion-dca","status":"publish","type":"post","link":"https:\/\/democraciaactiva.eu\/?p=1205","title":{"rendered":"En preparaci\u00f3n la segunda Jornada de Formaci\u00f3n"},"content":{"rendered":"<p style=\"text-align: justify;\">Tras la entrada en vigor de las nuevas normas a las que adaptaremos nuestros protocolos, estamos preparando la II Jornada de Formaci\u00f3n, que se celebrar\u00e1 en El Puerto de Santa Mar\u00eda el pr\u00f3ximo mes de noviembre.<\/p>\n<p style=\"text-align: justify;\">Adem\u00e1s de los socios de DCA podr\u00e1n\u00a0inscribirse los miembros de los colectivos colaboradores del Grupo de Coordinaci\u00f3n y ciudadanos con inter\u00e9s en la materia contactando con los Delegados de DCA\u00a0en las zonas de C\u00e1diz y Sevilla.<\/p>\n<p style=\"text-align: justify;\"><a href=\"https:\/\/democraciaactiva.eu\/wp-content\/uploads\/2016\/10\/Jornada-II.jpg\"><img decoding=\"async\" loading=\"lazy\" class=\"aligncenter wp-image-1206 size-medium\" src=\"https:\/\/democraciaactiva.eu\/wp-content\/uploads\/2016\/10\/Jornada-II-212x300.jpg\" alt=\"II Jornada de Formaci\u00f3n DCA\" width=\"212\" height=\"300\" \/><\/a><\/p>\n","protected":false},"excerpt":{"rendered":"<div class=\"mh-excerpt\"><p>Tras la entrada en vigor de las nuevas normas a las que adaptaremos nuestros protocolos, estamos preparando la II Jornada de Formaci\u00f3n, que se celebrar\u00e1 <a class=\"mh-excerpt-more\" href=\"https:\/\/democraciaactiva.eu\/?p=1205\" title=\"En preparaci\u00f3n la segunda Jornada de Formaci\u00f3n\">[&#8230;]<\/a><\/p>\n<\/div>","protected":false},"author":1,"featured_media":0,"comment_status":"closed","ping_status":"open","sticky":false,"template":"","format":"standard","meta":[],"categories":[12],"tags":[],"_links":{"self":[{"href":"https:\/\/democraciaactiva.eu\/index.php?rest_route=\/wp\/v2\/posts\/1205"}],"collection":[{"href":"https:\/\/democraciaactiva.eu\/index.php?rest_route=\/wp\/v2\/posts"}],"about":[{"href":"https:\/\/democraciaactiva.eu\/index.php?rest_route=\/wp\/v2\/types\/post"}],"author":[{"embeddable":true,"href":"https:\/\/democraciaactiva.eu\/index.php?rest_route=\/wp\/v2\/users\/1"}],"replies":[{"embeddable":true,"href":"https:\/\/democraciaactiva.eu\/index.php?rest_route=%2Fwp%2Fv2%2Fcomments&post=1205"}],"version-history":[{"count":0,"href":"https:\/\/democraciaactiva.eu\/index.php?rest_route=\/wp\/v2\/posts\/1205\/revisions"}],"wp:attachment":[{"href":"https:\/\/democraciaactiva.eu\/index.php?rest_route=%2Fwp%2Fv2%2Fmedia&parent=1205"}],"wp:term":[{"taxonomy":"category","embeddable":true,"href":"https:\/\/democraciaactiva.eu\/index.php?rest_route=%2Fwp%2Fv2%2Fcategories&post=1205"},{"taxonomy":"post_tag","embeddable":true,"href":"https:\/\/democraciaactiva.eu\/index.php?rest_route=%2Fwp%2Fv2%2Ftags&post=1205"}],"curies":[{"name":"wp","href":"https:\/\/api.w.org\/{rel}","templated":true}]}}