{"id":1200,"date":"2016-08-05T10:35:21","date_gmt":"2016-08-05T08:35:21","guid":{"rendered":"http:\/\/democraciaactiva.eu\/?p=1200"},"modified":"2016-08-05T10:35:21","modified_gmt":"2016-08-05T08:35:21","slug":"dca-pide-que-se-celebren-mas-noches-de-la-tapa-en-san-roque","status":"publish","type":"post","link":"https:\/\/democraciaactiva.eu\/?p=1200","title":{"rendered":"DCA pide que se celebren m\u00e1s \u201cnoches de la tapa\u201d en San Roque"},"content":{"rendered":"<p style=\"text-align: justify;\">Desde la Asociaci\u00f3n Defensa Ciudadana Activa se ha remitido consulta al Ayuntamiento de San Roque para conocer \u201c<strong>qu\u00e9 tr\u00e1mites deben realizar exactamente los colectivos sanroque\u00f1os para la realizaci\u00f3n de actividades como la \u201cNoche de la Tapa\u201d<\/strong> en este municipio\u201d.<\/p>\n<p style=\"text-align: justify;\">La consulta se realiza tras informar la web municipal de la pr\u00f3xima celebraci\u00f3n de este evento, con la colaboraci\u00f3n del Ayuntamiento, en Torreguadiaro. \u201cRecibimos llamadas de ciudadanos y miembros de esta asociaci\u00f3n pregunt\u00e1ndonos<strong> c\u00f3mo podr\u00edan celebrar actos similares, con venta de productos, incluso licores, en espacios p\u00fablicos, porque hasta la fecha muchos han recibido la negativa por respuesta<\/strong>.\u201d<\/p>\n<p style=\"text-align: justify;\">De este modo, desde DCA se contrasta esta situaci\u00f3n con la de otros colectivos a los que \u201co bien se cobra un canon de 10 euros diarios por un espacio de un par de metros cuadrados <em>(cantidad que luego nadie parece saber d\u00f3nde va)<\/em> como el caso del mercadillo artesanal de los s\u00e1bados, o directamente les proh\u00edben cualquier actividad de\u00a0venta por la actividad econ\u00f3mica que supone, y sobre todo en lo referente a alimentos y bebidas alcoh\u00f3licas s\u00f3lo hay que recordar el Decreto de cierre de los ambig\u00fas de todos los campos de f\u00fatbol municipales que al parecer emiti\u00f3 la Alcald\u00eda\u201d.<\/p>\n<p style=\"text-align: justify;\">Por ello, desde la Asociaci\u00f3n quieren <strong>conocer qu\u00e9 procedimiento concreto ha seguido el Ayuntamiento con la \u201cnoche de la tapa\u201d de modo que el resto de colectivos sanroque\u00f1os puedan beneficiarse de actividades similares<\/strong>.<\/p>\n<p style=\"text-align: justify;\"><a href=\"https:\/\/democraciaactiva.eu\/wp-content\/uploads\/2016\/08\/Tapa.jpg\"><img decoding=\"async\" loading=\"lazy\" class=\"aligncenter size-medium wp-image-1201\" src=\"https:\/\/democraciaactiva.eu\/wp-content\/uploads\/2016\/08\/Tapa-300x285.jpg\" alt=\"Tapa\" width=\"300\" height=\"285\" \/><\/a><\/p>\n<p style=\"text-align: justify;\">Adem\u00e1s de ello, DCA ha resaltado las declaraciones que realiz\u00f3 la Teniente de Alcalde Dolores Marchena en el video de la televisi\u00f3n local, indicando que esa actividad <strong>\u201cfomenta la econom\u00eda\u201d<\/strong>, de modo que explique por qu\u00e9 se ponen tantas trabas a otros colectivos. \u201cSi desde el Ayuntamiento se quiere fomentar la econom\u00eda con actividades as\u00ed, <strong>no entendemos que decreten el cierre de otras cuyo beneficio repercut\u00eda en los clubes deportivos de la localidad<\/strong>, por ejemplo.\u201d<\/p>\n<p style=\"text-align: justify;\">Por \u00faltimo DCA indic\u00f3 que, \u201cdado que el Ayuntamiento de San Roque no ha atendido ninguna de las resoluciones en su contra hasta la fecha y se niega a responder nuestras peticiones, remitiremos nuestra consulta simult\u00e1neamente a otras administraciones e instituciones competentes al objeto de aclarar la situaci\u00f3n\u201d<\/p>\n","protected":false},"excerpt":{"rendered":"<div class=\"mh-excerpt\"><p>Desde la Asociaci\u00f3n Defensa Ciudadana Activa se ha remitido consulta al Ayuntamiento de San Roque para conocer \u201cqu\u00e9 tr\u00e1mites deben realizar exactamente los colectivos sanroque\u00f1os <a class=\"mh-excerpt-more\" href=\"https:\/\/democraciaactiva.eu\/?p=1200\" title=\"DCA pide que se celebren m\u00e1s \u201cnoches de la tapa\u201d en San Roque\">[&#8230;]<\/a><\/p>\n<\/div>","protected":false},"author":1,"featured_media":0,"comment_status":"closed","ping_status":"open","sticky":false,"template":"","format":"standard","meta":[],"categories":[6],"tags":[],"_links":{"self":[{"href":"https:\/\/democraciaactiva.eu\/index.php?rest_route=\/wp\/v2\/posts\/1200"}],"collection":[{"href":"https:\/\/democraciaactiva.eu\/index.php?rest_route=\/wp\/v2\/posts"}],"about":[{"href":"https:\/\/democraciaactiva.eu\/index.php?rest_route=\/wp\/v2\/types\/post"}],"author":[{"embeddable":true,"href":"https:\/\/democraciaactiva.eu\/index.php?rest_route=\/wp\/v2\/users\/1"}],"replies":[{"embeddable":true,"href":"https:\/\/democraciaactiva.eu\/index.php?rest_route=%2Fwp%2Fv2%2Fcomments&post=1200"}],"version-history":[{"count":0,"href":"https:\/\/democraciaactiva.eu\/index.php?rest_route=\/wp\/v2\/posts\/1200\/revisions"}],"wp:attachment":[{"href":"https:\/\/democraciaactiva.eu\/index.php?rest_route=%2Fwp%2Fv2%2Fmedia&parent=1200"}],"wp:term":[{"taxonomy":"category","embeddable":true,"href":"https:\/\/democraciaactiva.eu\/index.php?rest_route=%2Fwp%2Fv2%2Fcategories&post=1200"},{"taxonomy":"post_tag","embeddable":true,"href":"https:\/\/democraciaactiva.eu\/index.php?rest_route=%2Fwp%2Fv2%2Ftags&post=1200"}],"curies":[{"name":"wp","href":"https:\/\/api.w.org\/{rel}","templated":true}]}}