{"id":1197,"date":"2016-07-28T14:48:01","date_gmt":"2016-07-28T12:48:01","guid":{"rendered":"http:\/\/democraciaactiva.eu\/?p=1197"},"modified":"2016-07-28T14:48:01","modified_gmt":"2016-07-28T12:48:01","slug":"el-ayuntamiento-de-san-roque-recurre-al-supremo-contra-dca","status":"publish","type":"post","link":"https:\/\/democraciaactiva.eu\/?p=1197","title":{"rendered":"El Ayuntamiento de San Roque recurre al Supremo contra DCA"},"content":{"rendered":"<p style=\"text-align: justify;\">Tras condenar la Audiencia Provincial de C\u00e1diz al Ayuntamiento de San Roque a la rectificaci\u00f3n de las informaciones difundidas sobre la Asociaci\u00f3n Defensa Ciudadana Activa, dicho Consistorio ha presentado recurso ante el Tribunal Supremo.<\/p>\n<p style=\"text-align: justify;\">Recordemos que DCA acudi\u00f3 a la v\u00eda judicial cuando en la p\u00e1gina web del Ayuntamiento de San Roque se informaba de que\u00a0 \u201c<strong>El Ayuntamiento denunciar\u00e1 al presidente de DCA por suplantaci\u00f3n de identidad<\/strong> de un empleado municipal\u201d, atribuyendo al mismo hechos delictivos, al manifestar que \u201cdesde el Ayuntamiento se considera que podr\u00eda haberse producido un delito grave de suplantaci\u00f3n de personalidad y de acceso a informaci\u00f3n personal y reservada del usuario leg\u00edtimo de la cuenta en ese portal\u201d.<\/p>\n<p style=\"text-align: justify;\">\u201cEn realidad, lo que hab\u00eda realizado DCA no es en absoluto ninguna suplantaci\u00f3n de identidad, sino <strong>una advertencia al Ayuntamiento acerca de la vulnerabilidad de los sistemas inform\u00e1ticos utilizados\u00a0 en la web<\/strong>\u201d, nos dicen sus representantes, quienes insisten en que \u201c<strong>Debido al sistema por el que se asignaban en la web los usuarios y contrase\u00f1as, podr\u00edan quedar expuestos a la luz p\u00fablica los datos de cientos de trabajadores; pero en lugar de reconocer el error y corregirlo, decidieron matar al mensajero atacando a esta Asociaci\u00f3n<\/strong>.\u00bb<a href=\"https:\/\/democraciaactiva.eu\/wp-content\/uploads\/2016\/07\/d576cfa78241e3e57c86d760fe60083f.jpg\"><img decoding=\"async\" loading=\"lazy\" class=\"aligncenter wp-image-1198 size-medium\" src=\"https:\/\/democraciaactiva.eu\/wp-content\/uploads\/2016\/07\/d576cfa78241e3e57c86d760fe60083f-199x300.jpg\" alt=\"Texto recurso\" width=\"199\" height=\"300\" \/><\/a><\/p>\n<p style=\"text-align: justify;\">En su recurso, <strong>el Ayuntamiento de San Roque argumenta que \u00abmi representado no narraba unos hechos d\u00e1ndolos como ciertos y atribuy\u00e9ndolos a una persona concreta\u00bb<\/strong>, para finalizar manifestando por tercera vez que \u00abmi representado en ning\u00fan momento alud\u00eda a unos hechos como constitutivos de una informaci\u00f3n que se afirmara como cierta\u00bb.<\/p>\n<p style=\"text-align: justify;\">Desde Defensa Ciudadana Activa se ha convocado una Junta Extraordinaria para decidir qu\u00e9 medidas tomar ante el recurso presentado por el Ayuntamiento, Junta que se celebrar\u00e1 la semana pr\u00f3xima. \u00abCreemos que<strong> la sentencia de la Audiencia Provincial es suficientemente clara y ha puesto los puntos sobre las \u00edes al Ayuntamiento de San Roque<\/strong>. Pero como juegan con el dinero de nuestros impuestos, no les importa seguir dilatando en el tiempo el cumplimiento de la resoluci\u00f3n judicial. No obstante, vamos a estudiar opciones para la defensa de nuestros derechos y los de los ciudadanos de San Roque.\u00bb, finalizaron.<\/p>\n","protected":false},"excerpt":{"rendered":"<div class=\"mh-excerpt\"><p>Tras condenar la Audiencia Provincial de C\u00e1diz al Ayuntamiento de San Roque a la rectificaci\u00f3n de las informaciones difundidas sobre la Asociaci\u00f3n Defensa Ciudadana Activa, <a class=\"mh-excerpt-more\" href=\"https:\/\/democraciaactiva.eu\/?p=1197\" title=\"El Ayuntamiento de San Roque recurre al Supremo contra DCA\">[&#8230;]<\/a><\/p>\n<\/div>","protected":false},"author":1,"featured_media":0,"comment_status":"closed","ping_status":"open","sticky":false,"template":"","format":"standard","meta":[],"categories":[8],"tags":[25,40,54],"_links":{"self":[{"href":"https:\/\/democraciaactiva.eu\/index.php?rest_route=\/wp\/v2\/posts\/1197"}],"collection":[{"href":"https:\/\/democraciaactiva.eu\/index.php?rest_route=\/wp\/v2\/posts"}],"about":[{"href":"https:\/\/democraciaactiva.eu\/index.php?rest_route=\/wp\/v2\/types\/post"}],"author":[{"embeddable":true,"href":"https:\/\/democraciaactiva.eu\/index.php?rest_route=\/wp\/v2\/users\/1"}],"replies":[{"embeddable":true,"href":"https:\/\/democraciaactiva.eu\/index.php?rest_route=%2Fwp%2Fv2%2Fcomments&post=1197"}],"version-history":[{"count":0,"href":"https:\/\/democraciaactiva.eu\/index.php?rest_route=\/wp\/v2\/posts\/1197\/revisions"}],"wp:attachment":[{"href":"https:\/\/democraciaactiva.eu\/index.php?rest_route=%2Fwp%2Fv2%2Fmedia&parent=1197"}],"wp:term":[{"taxonomy":"category","embeddable":true,"href":"https:\/\/democraciaactiva.eu\/index.php?rest_route=%2Fwp%2Fv2%2Fcategories&post=1197"},{"taxonomy":"post_tag","embeddable":true,"href":"https:\/\/democraciaactiva.eu\/index.php?rest_route=%2Fwp%2Fv2%2Ftags&post=1197"}],"curies":[{"name":"wp","href":"https:\/\/api.w.org\/{rel}","templated":true}]}}