{"id":119,"date":"2014-03-29T09:54:13","date_gmt":"2014-03-29T08:54:13","guid":{"rendered":"http:\/\/democraciaactiva.eu\/?p=119"},"modified":"2014-03-29T09:54:13","modified_gmt":"2014-03-29T08:54:13","slug":"la-guerra-de-espartinas-acaba-en-dos-dias","status":"publish","type":"post","link":"https:\/\/democraciaactiva.eu\/?p=119","title":{"rendered":"La \u00abguerra de Espartinas\u00bb acaba en dos d\u00edas."},"content":{"rendered":"<p>Este caso es un ejemplo de los m\u00e1s evidentes\u00a0de lo que ocurre cuando los pol\u00edticos buscan m\u00e1s su lucimiento personal que el bien de los ciudadanos, y meten la pata hasta el punto de tener que borrar sus medios de propaganda institucional las notas de prensa para minimizar el rid\u00edculo.<\/p>\n<p>Hace unos d\u00edas se publicaba en la web municipal <a href=\"http:\/\/www.espartinas.net\">www.espartinas.net<\/a> un art\u00edculo borrado d\u00edas m\u00e1s tarde pero del que tenemos copia, en el que destacaba su titular que se iniciaba una \u00abguerra por la seguridad vial entre Ayuntamiento y la Junta de Andaluc\u00eda\u00bb. Siendo el gobierno municipal de distinto signo pol\u00edtico al auton\u00f3mico la batalla estaba servida&#8230; o eso parec\u00eda&#8230; El motivo: la retirada de unos obst\u00e1culos (pasos de peatones sobreelevados) de la A8076, competencia auton\u00f3mica, no local.<\/p>\n<p>Incluso se dec\u00eda en la nota que el Alcalde hab\u00eda dado orden de paralizaci\u00f3n de esas obras&#8230; \u00bfun Alcalde ordenando sobre una carretera auton\u00f3mica?&#8230; igual ma\u00f1ana ordena detener un tramo de AVE hasta que no pase por Espartinas&#8230; a saber qu\u00e9 desayun\u00f3 esa ma\u00f1ana&#8230;<\/p>\n<p><a href=\"https:\/\/democraciaactiva.eu\/wp-content\/uploads\/2014\/03\/Espartinas.jpg\"><img decoding=\"async\" loading=\"lazy\" class=\"aligncenter size-medium wp-image-120\" alt=\"Espartinas\" src=\"https:\/\/democraciaactiva.eu\/wp-content\/uploads\/2014\/03\/Espartinas-263x300.jpg\" width=\"263\" height=\"300\" \/><\/a>Al d\u00eda siguiente nos encontramos que se han vuelto a construir pasos sobrelevados en las zonas objeto de pol\u00e9mica, y notas en twitter de la Alcald\u00eda demostrando su orgullo por la presi\u00f3n a que ha sometido al ente auton\u00f3mico para conseguir en 24 horas la vuelta de los badenes&#8230;<\/p>\n<p><a href=\"https:\/\/democraciaactiva.eu\/wp-content\/uploads\/2014\/03\/Espartinas-2.jpg\"><img decoding=\"async\" loading=\"lazy\" class=\"aligncenter size-medium wp-image-121\" alt=\"Espartinas 2\" src=\"https:\/\/democraciaactiva.eu\/wp-content\/uploads\/2014\/03\/Espartinas-2-168x300.jpg\" width=\"168\" height=\"300\" \/><\/a>Ese d\u00eda el primer edil y su equipo de gobierno al parecer no s\u00f3lo volvieron a desayunar lo mismo, sino que incluyeron la p\u00f3cima m\u00e1gica que tanta fuerza les dio para el combate en su almuerzo, merienda y cena&#8230; estaban que se sal\u00edan&#8230; el Alcalde igual hasta llam\u00f3 para proclamar su candidatura a presidente de la Junta de Andalc\u00eda despu\u00e9s de tama\u00f1a demostraci\u00f3n de influencia&#8230;<\/p>\n<p>Una pena que la propia Junta de Andaluc\u00eda aclarara en un comunicado horas despu\u00e9s que las obras se deben a un plan provincial para la adaptaci\u00f3n a normativa FOM 3053\/2008 de los resaltos, por lo que se trataba de un plan aprobado, licitado y publicado desde hace meses del que el primer edil no se hab\u00eda enterado&#8230;<br \/>\n<a href=\"https:\/\/democraciaactiva.eu\/wp-content\/uploads\/2014\/03\/Nota-JA.jpg\"><img decoding=\"async\" loading=\"lazy\" class=\"aligncenter size-medium wp-image-122\" alt=\"Nota JA\" src=\"https:\/\/democraciaactiva.eu\/wp-content\/uploads\/2014\/03\/Nota-JA-300x206.jpg\" width=\"300\" height=\"206\" \/><\/a><\/p>\n<p>De esta forma acab\u00f3 la \u00abguerra de Espartinas\u00bb contra la Junta de Andaluc\u00eda, y aunque no se han confirmado bajas de momento, el rid\u00edculo hizo eliminar las notas de prensa de la web municipal a tal velocidad que se desconoce si tambi\u00e9n se borr\u00f3 a alg\u00fan miembro de los medios de publicidad institucionales&#8230;<\/p>\n<p>Si tan s\u00f3lo hubieran levantado el tel\u00e9fono y hecho una simple llamada, como hicimos nosotros, simples ciudadanos, tal vez habr\u00edan descubierto qu\u00e9 hac\u00edan esos operarios en la A8076 antes de mandar sus tropas contra ellos&#8230; pero suele pasar en las mejores familias. El pol\u00edtico, aconsejado probablemente por sus primeros espadas, vio un agujero por d\u00f3nde lanzarse a una nueva guerra contra su enemigo pol\u00edtico y sali\u00f3 por ah\u00ed&#8230; lo malo es que detr\u00e1s del agujero hab\u00eda un precipicio y cay\u00f3&#8230; vaya si cay\u00f3&#8230;<\/p>\n<p>\u00daLTIMA HORA: Tan s\u00f3lo hace unos momentos hemos sabido que los medios de desinformaci\u00f3n y propaganda municipales han vuelto a editar sus noticias. Ahora nos informan de que la Junta ha dado la raz\u00f3n a sus reclamaciones.<a href=\"https:\/\/democraciaactiva.eu\/wp-content\/uploads\/2014\/03\/Espartinas3.jpg\"><img decoding=\"async\" loading=\"lazy\" class=\"aligncenter size-medium wp-image-128\" alt=\"Espartinas3\" src=\"https:\/\/democraciaactiva.eu\/wp-content\/uploads\/2014\/03\/Espartinas3-300x217.jpg\" width=\"300\" height=\"217\" \/><\/a><\/p>\n<p>Lo mejor de todo es que al parecer di\u00f3 la raz\u00f3n a sus peticiones de hace unos d\u00edas ya hace meses, cuando se redact\u00f3 el proyecto de reforma, por lo que la influencia del Gobierno local ha batido records llegando a aceptarles sus reclamaciones antes incluso de que las redacten. Lo nunca visto, ahora en Espartinas.<\/p>\n<p>Ultima ultim\u00edsima hora: El Diario de Sevilla pone a la Consejera correspondiente una mala nota porque pese a ser v\u00eda auton\u00f3mica \u00abno quita que avisen al Ayuntamiento\u00bb&#8230; igual es que tampoco se han dado cuenta de que el proyecto lleva 4 a\u00f1os publicado en la web&#8230; desde 2.010&#8230;<\/p>\n<p>Cualquier ciudadano al que notifican mediante Bolet\u00edn Oficial debe tomarlo como si se lo dieran en la puerta de su casa, pero los Ayuntamientos no oiga&#8230; los Alcaldes no se contentan con m\u00e1s de 50 mil euros al a\u00f1o para adem\u00e1s tener alguno de sus liberados o cargos de confianza revisando boletines&#8230; \u00bfpor qu\u00e9 simples ciudadanos tienen esta informaci\u00f3n en horas y ellos montan una guerra?&#8230; cuesti\u00f3n de \u00abcompetencias\u00bb, o de incompetencias m\u00e1s bien, y as\u00ed nos v\u00e1&#8230;<\/p>\n<p>El documento completo (460 p\u00e1ginas) puede revisarlo el Sr. Alcalde <a title=\"Proyecto de adaptaci\u00f3n RDV a norma FOM \" href=\"http:\/\/www.google.es\/url?sa=t&amp;rct=j&amp;q=&amp;esrc=s&amp;source=web&amp;cd=2&amp;ved=0CDMQFjAB&amp;url=http%3A%2F%2Fwww.juntadeandalucia.es%2Fcontratacion%2Fdocument%2Fdownload%3FrefCode%3D2010-0000010101%26refDoc%3D2010-0000010101-2&amp;ei=8983U4TEO-iM0AXZmYHACw&amp;usg=AFQjCNH_gPBhzWmd2b1D0PkfxR9AwHpGPg&amp;bvm=bv.63808443,d.d2k\" target=\"_blank\">aqu\u00ed: <\/a><\/p>\n<p>Parte de las 8 actuaciones previstas las dejamos aqu\u00ed, y ya en el a\u00f1o 2.010 <strong>indicaban demolici\u00f3n, restituci\u00f3n y colocaci\u00f3n del cartel<\/strong>, gracias, como no, a la enorme influencia del equipo de gobierno que cuatro a\u00f1os despu\u00e9s no se hab\u00eda enterado de qu\u00e9 iba el tema&#8230;<\/p>\n<p><a href=\"https:\/\/democraciaactiva.eu\/wp-content\/uploads\/2014\/03\/CSE7035CEJ0_I3_P\u00e1gina_1.jpg\"><img decoding=\"async\" loading=\"lazy\" class=\"aligncenter size-medium wp-image-132\" alt=\"CSE7035CEJ0_I3_P\u00e1gina_1\" src=\"https:\/\/democraciaactiva.eu\/wp-content\/uploads\/2014\/03\/CSE7035CEJ0_I3_P\u00e1gina_1-300x212.jpg\" width=\"300\" height=\"212\" \/><a href=\"https:\/\/democraciaactiva.eu\/wp-content\/uploads\/2014\/03\/CSE7035CEJ0_I3_P\u00e1gina_2.jpg\"><img decoding=\"async\" loading=\"lazy\" class=\"aligncenter size-medium wp-image-133\" alt=\"CSE7035CEJ0_I3_P\u00e1gina_2\" src=\"https:\/\/democraciaactiva.eu\/wp-content\/uploads\/2014\/03\/CSE7035CEJ0_I3_P\u00e1gina_2-300x212.jpg\" width=\"300\" height=\"212\" \/><\/a><\/a> <\/p>\n","protected":false},"excerpt":{"rendered":"<div class=\"mh-excerpt\"><p>Este caso es un ejemplo de los m\u00e1s evidentes\u00a0de lo que ocurre cuando los pol\u00edticos buscan m\u00e1s su lucimiento personal que el bien de los <a class=\"mh-excerpt-more\" href=\"https:\/\/democraciaactiva.eu\/?p=119\" title=\"La \u00abguerra de Espartinas\u00bb acaba en dos d\u00edas.\">[&#8230;]<\/a><\/p>\n<\/div>","protected":false},"author":1,"featured_media":0,"comment_status":"open","ping_status":"open","sticky":false,"template":"","format":"standard","meta":[],"categories":[12],"tags":[],"_links":{"self":[{"href":"https:\/\/democraciaactiva.eu\/index.php?rest_route=\/wp\/v2\/posts\/119"}],"collection":[{"href":"https:\/\/democraciaactiva.eu\/index.php?rest_route=\/wp\/v2\/posts"}],"about":[{"href":"https:\/\/democraciaactiva.eu\/index.php?rest_route=\/wp\/v2\/types\/post"}],"author":[{"embeddable":true,"href":"https:\/\/democraciaactiva.eu\/index.php?rest_route=\/wp\/v2\/users\/1"}],"replies":[{"embeddable":true,"href":"https:\/\/democraciaactiva.eu\/index.php?rest_route=%2Fwp%2Fv2%2Fcomments&post=119"}],"version-history":[{"count":0,"href":"https:\/\/democraciaactiva.eu\/index.php?rest_route=\/wp\/v2\/posts\/119\/revisions"}],"wp:attachment":[{"href":"https:\/\/democraciaactiva.eu\/index.php?rest_route=%2Fwp%2Fv2%2Fmedia&parent=119"}],"wp:term":[{"taxonomy":"category","embeddable":true,"href":"https:\/\/democraciaactiva.eu\/index.php?rest_route=%2Fwp%2Fv2%2Fcategories&post=119"},{"taxonomy":"post_tag","embeddable":true,"href":"https:\/\/democraciaactiva.eu\/index.php?rest_route=%2Fwp%2Fv2%2Ftags&post=119"}],"curies":[{"name":"wp","href":"https:\/\/api.w.org\/{rel}","templated":true}]}}