{"id":1188,"date":"2016-07-09T11:36:46","date_gmt":"2016-07-09T10:36:46","guid":{"rendered":"http:\/\/democraciaactiva.eu\/?p=1188"},"modified":"2016-07-09T11:36:46","modified_gmt":"2016-07-09T10:36:46","slug":"sanidad-sustituira-las-agujas-para-diabeticos-defectuosas-en-malaga","status":"publish","type":"post","link":"https:\/\/democraciaactiva.eu\/?p=1188","title":{"rendered":"Sanidad sustituir\u00e1 las agujas para diab\u00e9ticos defectuosas en M\u00e1laga"},"content":{"rendered":"<p style=\"text-align: justify;\">Meses atr\u00e1s se inform\u00f3 por parte de miembros de DCA en M\u00e1laga del <strong>da\u00f1o que estaban produciendo las nuevas agujas para diab\u00e9ticos<\/strong> en esa zona.<\/p>\n<p style=\"text-align: justify;\">Al parecer el producto que ven\u00eda suministrando el SAS hasta la fecha (BD \u00abThin Wall\u00bb) fue sustituido por otro, de la marca Glucojet \u00abPen Needles\u00bb, que <strong>provocaba hematomas y much\u00edsimo dolor<\/strong> a los pacientes.<\/p>\n<p style=\"text-align: justify;\">Tras confirmar distintos centros de salud que era un problema conocido, que no afectaba s\u00f3lo a los menores cuyas quejas nos hicieron llegar, se remiti\u00f3 reclamaci\u00f3n al Distrito Sanitario competente, que ha aceptado volver desde hace unas semanas al producto anterior.<\/p>\n<p style=\"text-align: justify;\"><a href=\"https:\/\/democraciaactiva.eu\/wp-content\/uploads\/2016\/07\/Agujas.jpg\"><img decoding=\"async\" loading=\"lazy\" class=\"aligncenter size-medium wp-image-1184\" src=\"https:\/\/democraciaactiva.eu\/wp-content\/uploads\/2016\/07\/Agujas-189x300.jpg\" alt=\"Contestaci\u00f3n D.S. M\u00e1laga\" width=\"189\" height=\"300\" \/><\/a><\/p>\n<p style=\"text-align: justify;\">En su escrito, el Distrito Sanitario de M\u00e1laga-Guadalhorce explica que las\u00a0selecci\u00f3n de compras se realiza para toda la provincia de M\u00e1laga, por lo que <strong>aunque hemos comprobado que se ha cambiado a los pacientes que nos hicieron llegar el problema, no descartamos que puedan seguir usando los nuevos productos en otros distritos sanitarios<\/strong>.<\/p>\n<p style=\"text-align: justify;\">Esperamos que, tras las comprobaciones que la administraci\u00f3n indica est\u00e1 realizando, se anule el suministro de la marca Glucojet por los efectos que produce en pacientes que lo precisan a diario.<\/p>\n<p style=\"text-align: justify;\">Si conoce a personas que padezcan diabetes tipo I en la provincia de M\u00e1laga, puede reclamar a su distrito sanitario en caso de que est\u00e9 padeciendo los problemas ocasionados por el Glucojet, que ha empezado a suministrarse al parecer en el mes de mayo.<\/p>\n","protected":false},"excerpt":{"rendered":"<div class=\"mh-excerpt\"><p>Meses atr\u00e1s se inform\u00f3 por parte de miembros de DCA en M\u00e1laga del da\u00f1o que estaban produciendo las nuevas agujas para diab\u00e9ticos en esa zona. <a class=\"mh-excerpt-more\" href=\"https:\/\/democraciaactiva.eu\/?p=1188\" title=\"Sanidad sustituir\u00e1 las agujas para diab\u00e9ticos defectuosas en M\u00e1laga\">[&#8230;]<\/a><\/p>\n<\/div>","protected":false},"author":1,"featured_media":0,"comment_status":"closed","ping_status":"open","sticky":false,"template":"","format":"standard","meta":[],"categories":[12],"tags":[],"_links":{"self":[{"href":"https:\/\/democraciaactiva.eu\/index.php?rest_route=\/wp\/v2\/posts\/1188"}],"collection":[{"href":"https:\/\/democraciaactiva.eu\/index.php?rest_route=\/wp\/v2\/posts"}],"about":[{"href":"https:\/\/democraciaactiva.eu\/index.php?rest_route=\/wp\/v2\/types\/post"}],"author":[{"embeddable":true,"href":"https:\/\/democraciaactiva.eu\/index.php?rest_route=\/wp\/v2\/users\/1"}],"replies":[{"embeddable":true,"href":"https:\/\/democraciaactiva.eu\/index.php?rest_route=%2Fwp%2Fv2%2Fcomments&post=1188"}],"version-history":[{"count":0,"href":"https:\/\/democraciaactiva.eu\/index.php?rest_route=\/wp\/v2\/posts\/1188\/revisions"}],"wp:attachment":[{"href":"https:\/\/democraciaactiva.eu\/index.php?rest_route=%2Fwp%2Fv2%2Fmedia&parent=1188"}],"wp:term":[{"taxonomy":"category","embeddable":true,"href":"https:\/\/democraciaactiva.eu\/index.php?rest_route=%2Fwp%2Fv2%2Fcategories&post=1188"},{"taxonomy":"post_tag","embeddable":true,"href":"https:\/\/democraciaactiva.eu\/index.php?rest_route=%2Fwp%2Fv2%2Ftags&post=1188"}],"curies":[{"name":"wp","href":"https:\/\/api.w.org\/{rel}","templated":true}]}}