{"id":1176,"date":"2016-07-01T08:57:11","date_gmt":"2016-07-01T07:57:11","guid":{"rendered":"http:\/\/democraciaactiva.eu\/?p=1176"},"modified":"2016-07-01T08:57:11","modified_gmt":"2016-07-01T07:57:11","slug":"un-vehiculo-rompe-el-carter-al-pasar-un-baden-en-sotogrande","status":"publish","type":"post","link":"https:\/\/democraciaactiva.eu\/?p=1176","title":{"rendered":"Un veh\u00edculo rompe el c\u00e1rter al pasar un bad\u00e9n en Sotogrande"},"content":{"rendered":"<p style=\"text-align: justify;\">La Asociaci\u00f3n Defensa Ciudadana Activa ha solicitado a la Polic\u00eda Local que compruebe la licencia de los responsables de la construcci\u00f3n de\u00a0badenes en la zona conocida como La Reserva de Sotogrande. En su petici\u00f3n DCA recuerda que <strong>al no cumplir la normativa b\u00e1sica que regula la construcci\u00f3n de badenes y resaltos en la calzada, \u00abs\u00f3lo puede ser considerado como obst\u00e1culo\u00bb<\/strong>, como determin\u00f3 en su d\u00eda el informe realizado por los servicios de Urbanismo del Ayuntamiento de San Roque.<\/p>\n<p style=\"text-align: justify;\">Seg\u00fan dicha normativa, los badenes del tipo \u00ablomo de asno\u00bb deben medir siete cent\u00edmetros de alto como m\u00e1ximo, pero el que ha provocado el accidente, adem\u00e1s de da\u00f1os a numerosos veh\u00edculos a juzgar por las marcas que conserva, tiene una altura de 17 cent\u00edmetros en su centro. \u00abEs decir, que <strong>el obst\u00e1culo supera en casi un 150% el m\u00e1ximo legal permitido<\/strong>, lo cual explica los da\u00f1os que produce a quienes transitan por la v\u00eda, abierta al p\u00fablico desde hace a\u00f1os.\u00bb<\/p>\n<p style=\"text-align: justify;\">De hecho, hace unas semanas produjo serios da\u00f1os en un veh\u00edculo que lleg\u00f3 a romper el c\u00e1rter de aceite, por lo que tuvo que ser sometido a una costosa reparaci\u00f3n.<\/p>\n<p style=\"text-align: justify;\"><a href=\"https:\/\/democraciaactiva.eu\/wp-content\/uploads\/2016\/07\/239a80aee7f25077e2eed1fe78d9a4c8.jpg\" rel=\"attachment wp-att-1180\"><img decoding=\"async\" loading=\"lazy\" class=\"aligncenter wp-image-1180 size-medium\" src=\"https:\/\/democraciaactiva.eu\/wp-content\/uploads\/2016\/07\/239a80aee7f25077e2eed1fe78d9a4c8-300x169.jpg\" alt=\"Baden Reserva 1 se\u00f1alada Re\" width=\"300\" height=\"169\" \/><\/a><\/p>\n<p style=\"text-align: justify;\">Por ello desde DCA se pide a la Polic\u00eda Local, como polic\u00eda administrativa, que comprueben la legalidad de esa construcci\u00f3n y procedan en su caso con el correspondiente expediente sancionador. \u00abLos obst\u00e1culos ilegales deben ser eliminados por la seguridad de los veh\u00edculos. <strong>No comprendemos c\u00f3mo han podido construir en distintas partes del municipio obst\u00e1culos de 15 a 18 cms. con total impunidad, provocando accidentes<\/strong> y da\u00f1os por desgaste que luego deben asumir los propietarios de los veh\u00edculos.\u00bb, denunciaron.<\/p>\n<p style=\"text-align: justify;\">Adem\u00e1s de la comprobaci\u00f3n de la documentaci\u00f3n, desde DCA se espera que <strong>se restaure la legalidad urban\u00edstica eliminando los obst\u00e1culos<\/strong>. \u00abHay unas normas, unas medidas, y si quieren poner reductores de velocidad deben cumplirlas. Por ello instaremos a los responsables de la polic\u00eda administrativa o la Delegaci\u00f3n de Urbanismo a hacer cumplir las normas en beneficio de los ciudadanos.\u00bb<\/p>\n","protected":false},"excerpt":{"rendered":"<div class=\"mh-excerpt\"><p>La Asociaci\u00f3n Defensa Ciudadana Activa ha solicitado a la Polic\u00eda Local que compruebe la licencia de los responsables de la construcci\u00f3n de\u00a0badenes en la zona <a class=\"mh-excerpt-more\" href=\"https:\/\/democraciaactiva.eu\/?p=1176\" title=\"Un veh\u00edculo rompe el c\u00e1rter al pasar un bad\u00e9n en Sotogrande\">[&#8230;]<\/a><\/p>\n<\/div>","protected":false},"author":1,"featured_media":0,"comment_status":"closed","ping_status":"open","sticky":false,"template":"","format":"standard","meta":[],"categories":[5,13],"tags":[],"_links":{"self":[{"href":"https:\/\/democraciaactiva.eu\/index.php?rest_route=\/wp\/v2\/posts\/1176"}],"collection":[{"href":"https:\/\/democraciaactiva.eu\/index.php?rest_route=\/wp\/v2\/posts"}],"about":[{"href":"https:\/\/democraciaactiva.eu\/index.php?rest_route=\/wp\/v2\/types\/post"}],"author":[{"embeddable":true,"href":"https:\/\/democraciaactiva.eu\/index.php?rest_route=\/wp\/v2\/users\/1"}],"replies":[{"embeddable":true,"href":"https:\/\/democraciaactiva.eu\/index.php?rest_route=%2Fwp%2Fv2%2Fcomments&post=1176"}],"version-history":[{"count":0,"href":"https:\/\/democraciaactiva.eu\/index.php?rest_route=\/wp\/v2\/posts\/1176\/revisions"}],"wp:attachment":[{"href":"https:\/\/democraciaactiva.eu\/index.php?rest_route=%2Fwp%2Fv2%2Fmedia&parent=1176"}],"wp:term":[{"taxonomy":"category","embeddable":true,"href":"https:\/\/democraciaactiva.eu\/index.php?rest_route=%2Fwp%2Fv2%2Fcategories&post=1176"},{"taxonomy":"post_tag","embeddable":true,"href":"https:\/\/democraciaactiva.eu\/index.php?rest_route=%2Fwp%2Fv2%2Ftags&post=1176"}],"curies":[{"name":"wp","href":"https:\/\/api.w.org\/{rel}","templated":true}]}}