{"id":1169,"date":"2016-06-01T08:29:41","date_gmt":"2016-06-01T07:29:41","guid":{"rendered":"http:\/\/democraciaactiva.eu\/?p=1169"},"modified":"2016-06-01T08:29:41","modified_gmt":"2016-06-01T07:29:41","slug":"la-agpd-pide-datos-sobre-las-camaras-de-alcaidesa","status":"publish","type":"post","link":"https:\/\/democraciaactiva.eu\/?p=1169","title":{"rendered":"La AGPD pide datos sobre las c\u00e1maras de Alcaidesa"},"content":{"rendered":"<p style=\"text-align: justify;\">La Agencia Espa\u00f1ola de Protecci\u00f3n de Datos ha solicitado a Defensa Ciudadana Activa datos sobre la difusi\u00f3n de im\u00e1genes de c\u00e1maras de seguridad detectada a primeros del pasado mes de mayo.<\/p>\n<p style=\"text-align: justify;\"><a href=\"https:\/\/democraciaactiva.eu\/wp-content\/uploads\/2016\/06\/AGPD.jpg\" rel=\"attachment wp-att-1170\"><img decoding=\"async\" loading=\"lazy\" class=\"aligncenter wp-image-1170 size-medium\" src=\"https:\/\/democraciaactiva.eu\/wp-content\/uploads\/2016\/06\/AGPD-300x273.jpg\" alt=\"AGPD\" width=\"300\" height=\"273\" \/><\/a><\/p>\n<p style=\"text-align: justify;\">En esas fechas el presidente de la Asociaci\u00f3n de Vecinos Alcaidesa procedi\u00f3 a la difusi\u00f3n de im\u00e1genes captadas por c\u00e1maras de seguridad instaladas en la Avda. de la Hacienda a trav\u00e9s de redes sociales. Seg\u00fan indic\u00f3 el acceso y uso se realiz\u00f3 a t\u00edtulo \u00abexclusivamente personal\u00bb, pero por el contexto parec\u00edan relacionar un determinado veh\u00edculo con presuntos delincuentes, aunque seg\u00fan los comentarios en la misma red social no se denunci\u00f3 ante la autoridad competente.<\/p>\n<p style=\"text-align: justify;\"><a href=\"https:\/\/democraciaactiva.eu\/wp-content\/uploads\/2016\/06\/7734a972411a844026d45ea16642492b.jpg\" rel=\"attachment wp-att-1171\"><img decoding=\"async\" loading=\"lazy\" class=\"aligncenter wp-image-1171 size-medium\" src=\"https:\/\/democraciaactiva.eu\/wp-content\/uploads\/2016\/06\/7734a972411a844026d45ea16642492b-300x176.jpg\" alt=\"Imagen c\u00e1mara Alcaidesa\" width=\"300\" height=\"176\" \/><\/a><\/p>\n<p style=\"text-align: justify;\">A juicio de DCA \u00abentendemos que el uso con fines exclusivamente personales de las im\u00e1genes captadas por c\u00e1maras de seguridad de espacios p\u00fablicos podr\u00edan vulnerar los derechos de quienes utilizan esas v\u00edas para acceder a sus espacios p\u00fablicos, playas, hoteles, etc, por lo que se realiz\u00f3 la oportuna consulta a la AGPD\u00bb.<\/p>\n<p style=\"text-align: justify;\">En su escrito, la Agencia Espa\u00f1ola de Protecci\u00f3n de Datos, adem\u00e1s de solicitar ampliaci\u00f3n sobre la ubicaci\u00f3n y titulares de las c\u00e1maras que podr\u00edan afectar al espacio p\u00fablico, indica que esta agencia \u00abtiene legalmente atribuida la funci\u00f3n de velar por el cumplimiento de la legislaci\u00f3n sobre protecci\u00f3n de datos y controlar su aplicaci\u00f3n.\u00bb, por lo que ha procedido a abrir un expediente informativo sobre esta situaci\u00f3n.<\/p>\n","protected":false},"excerpt":{"rendered":"<div class=\"mh-excerpt\"><p>La Agencia Espa\u00f1ola de Protecci\u00f3n de Datos ha solicitado a Defensa Ciudadana Activa datos sobre la difusi\u00f3n de im\u00e1genes de c\u00e1maras de seguridad detectada a <a class=\"mh-excerpt-more\" href=\"https:\/\/democraciaactiva.eu\/?p=1169\" title=\"La AGPD pide datos sobre las c\u00e1maras de Alcaidesa\">[&#8230;]<\/a><\/p>\n<\/div>","protected":false},"author":1,"featured_media":0,"comment_status":"closed","ping_status":"open","sticky":false,"template":"","format":"standard","meta":[],"categories":[8,15],"tags":[51],"_links":{"self":[{"href":"https:\/\/democraciaactiva.eu\/index.php?rest_route=\/wp\/v2\/posts\/1169"}],"collection":[{"href":"https:\/\/democraciaactiva.eu\/index.php?rest_route=\/wp\/v2\/posts"}],"about":[{"href":"https:\/\/democraciaactiva.eu\/index.php?rest_route=\/wp\/v2\/types\/post"}],"author":[{"embeddable":true,"href":"https:\/\/democraciaactiva.eu\/index.php?rest_route=\/wp\/v2\/users\/1"}],"replies":[{"embeddable":true,"href":"https:\/\/democraciaactiva.eu\/index.php?rest_route=%2Fwp%2Fv2%2Fcomments&post=1169"}],"version-history":[{"count":0,"href":"https:\/\/democraciaactiva.eu\/index.php?rest_route=\/wp\/v2\/posts\/1169\/revisions"}],"wp:attachment":[{"href":"https:\/\/democraciaactiva.eu\/index.php?rest_route=%2Fwp%2Fv2%2Fmedia&parent=1169"}],"wp:term":[{"taxonomy":"category","embeddable":true,"href":"https:\/\/democraciaactiva.eu\/index.php?rest_route=%2Fwp%2Fv2%2Fcategories&post=1169"},{"taxonomy":"post_tag","embeddable":true,"href":"https:\/\/democraciaactiva.eu\/index.php?rest_route=%2Fwp%2Fv2%2Ftags&post=1169"}],"curies":[{"name":"wp","href":"https:\/\/api.w.org\/{rel}","templated":true}]}}