{"id":1157,"date":"2016-05-03T11:53:47","date_gmt":"2016-05-03T10:53:47","guid":{"rendered":"http:\/\/democraciaactiva.eu\/?p=1157"},"modified":"2016-05-03T11:53:47","modified_gmt":"2016-05-03T10:53:47","slug":"condenan-al-ayuntamiento-de-san-roque-a-rectificar-las-informaciones-sobre-dca","status":"publish","type":"post","link":"https:\/\/democraciaactiva.eu\/?p=1157","title":{"rendered":"Condenan al Ayuntamiento de San Roque a rectificar las informaciones sobre DCA"},"content":{"rendered":"<p style=\"text-align: justify;\">La Audiencia Provincial de C\u00e1diz ha emitido una sentencia <strong>condenando al Ayuntamiento de San Roque a publicar en la p\u00e1gina web municipal en el plazo de tres d\u00edas la rectificaci\u00f3n solicitada por la Asociaci\u00f3n Defensa Ciudadana Activa.<\/strong><\/p>\n<p style=\"text-align: justify;\">Los hechos se remontan a 2013 cuando, seg\u00fan relata la sentencia, se hab\u00eda publicado en la p\u00e1gina web del Ayuntamiento de San Roque informaci\u00f3n sobre un supuesto delito de suplantaci\u00f3n de identidad de un empleado municipal, por lo que la Asociaci\u00f3n solicit\u00f3 directamente a la Alcald\u00eda que rectificara la informaci\u00f3n mostrando su negativa, as\u00ed como que no estaba comprobado que sea imposible acceder por error a su web y que el propio personal del Ayuntamiento hab\u00eda restringido el acceso a instancias de DCA.<\/p>\n<p style=\"text-align: justify;\">Al negarse el Ayuntamiento la Asociaci\u00f3n interpuso la demanda de rectificaci\u00f3n correspondiente, siendo rechazadas sus pretensiones por el Juzgado de San Roque en primera instancia. \u00abLa juez entend\u00eda que el Ayuntamiento no publicaba informaci\u00f3n, sino opini\u00f3n, y por tanto no pod\u00eda rectificarse. <strong>Podr\u00edamos\u00a0estar de acuerdo en lo primero ya que realmente no informan sino todo lo contrario, pero no en que no tengamos derecho a pedir una rectificaci\u00f3n<\/strong>, por lo que recurrimos en apelaci\u00f3n a la Audiencia Provincial\u00bb, informaron.<\/p>\n<p style=\"text-align: justify;\">De este modo, tras a\u00f1o y medio de espera, finalmente la Audiencia Provincial se ha pronunciado y <strong>ha revocado dicha sentencia admitiendo el derecho de la Asociaci\u00f3n a que se rectifiquen las informaciones sobre este colectivo, y ordenando al Ayuntamiento publicar dicha rectificaci\u00f3n en el plazo de tres d\u00edas.<\/strong> La Audiencia Provincial anula adem\u00e1s en su fallo la condena en costas anterior a la Asociaci\u00f3n, adem\u00e1s de ordenar la devoluci\u00f3n del dep\u00f3sito efectuado para el recurso.<\/p>\n<p style=\"text-align: justify;\">La sentencia de la Audiencia Provincial recuerda distintas sentencias \u00a0por las que \u00ab<strong>la rectificaci\u00f3n opera como un complemento a la informaci\u00f3n que se ofrece a la opini\u00f3n p\u00fablica, mediante la aportaci\u00f3n de una contraversi\u00f3n<\/strong> sobre hechos en los que el sujeto ha sido implicado por la notifica difundida por un medio de comunicaci\u00f3n (&#8230;) si bien el derecho de rectificaci\u00f3n constituye un derecho aut\u00f3nomo de tutela del propio patrimonio moral, a la vez<strong> opera como instrumento de contraste informativo que supone un complemento de la garant\u00eda de libre formaci\u00f3n de la opini\u00f3n p\u00fablica<\/strong>\u00ab.<\/p>\n<p style=\"text-align: justify;\">Por ello desde DCA resaltan<strong> la importancia de ejercer este derecho \u00abcuando se utilicen medios p\u00fablicos para presionar a ciudadanos o colectivos molestos para los gobiernos<\/strong>. Cualquier medio de informaci\u00f3n plural admite las versiones de las distintas partes implicadas en las noticias, pero <strong>algunos medios locales claramente politizados s\u00f3lo est\u00e1n al servicio del gobernante de turno, aunque se financien con nuestros impuestos<\/strong>, por lo que en estas situaciones la ciudadan\u00eda no debe conformarse y debe ejercer su leg\u00edtimo derecho a la informaci\u00f3n plural.\u00bb, insistieron.<\/p>\n<p style=\"text-align: justify;\"><a href=\"https:\/\/democraciaactiva.eu\/wp-content\/uploads\/2016\/05\/Pagina4.jpg\" rel=\"attachment wp-att-1164\"><img decoding=\"async\" loading=\"lazy\" class=\"aligncenter wp-image-1164 size-medium\" src=\"https:\/\/democraciaactiva.eu\/wp-content\/uploads\/2016\/05\/Pagina4-191x300.jpg\" alt=\"Pagina4\" width=\"191\" height=\"300\" \/><\/a><\/p>\n<p style=\"text-align: justify;\"><a href=\"https:\/\/democraciaactiva.eu\/wp-content\/uploads\/2016\/05\/Pagina5.jpg\" rel=\"attachment wp-att-1165\"><img decoding=\"async\" loading=\"lazy\" class=\"aligncenter wp-image-1165 size-medium\" src=\"https:\/\/democraciaactiva.eu\/wp-content\/uploads\/2016\/05\/Pagina5-191x300.jpg\" alt=\"Pagina5\" width=\"191\" height=\"300\" \/><\/a>La Audiencia Provincial de C\u00e1diz resalta en su razonamiento que el ejercicio de este derecho de rectificaci\u00f3n \u00ab<strong>favorece incluso el inter\u00e9s colectivo en la b\u00fasqueda y recepci\u00f3n de la verdad que aquel derecho fundamental procura\u00bb<\/strong>, algo que desde DCA consideran que \u00ab<strong>no es el objetivo de medios municipales manipulados desde cargos pol\u00edticos, sino s\u00f3lo dar la imagen que el gobernante quiere, dejan de ser medios de comunicaci\u00f3n para convertirse en meros medios de propaganda pol\u00edtica, como demuestra su negativa a publicar nuestra versi\u00f3n como ahora obliga una sentencia judicial<\/strong>\u00ab.<\/p>\n<p>Finaliza el tribunal su exposici\u00f3n se\u00f1alando que <strong>\u00aben el caso de autos la denegaci\u00f3n de la rectificaci\u00f3n solicitada en los t\u00e9rminos que establece la Ley Org\u00e1nica 2\/1984 (recordemos que se estaba diciendo que se hab\u00eda cometido un delito, no solamente que se iba a acudir a la justicia como dice la juez) carece de toda l\u00f3gica, en cuanto que claramente se pretend\u00eda por quien ejercita este derecho que aquella informaci\u00f3n que entend\u00eda inexacta y lesiva de sus intereses fuera contrapuesta\u00bb<\/strong><\/p>\n<p style=\"text-align: justify;\">Desde la Asociaci\u00f3n sanroque\u00f1a, que desde el a\u00f1o pasado forma parte de un grupo de coordinaci\u00f3n m\u00e1s amplio a nivel estatal, han pasado la informaci\u00f3n del procedimiento a los dem\u00e1s colectivos <strong>\u00abpara que sean conscientes de sus derechos y los ejerciten, ya que en m\u00e1s de una ocasi\u00f3n los Ayuntamientos utilizan medios municipales contra los colectivos que consideran molestos, manipulando la informaci\u00f3n sin respetar el leg\u00edtimo derecho de los ciudadanos a exigirles rectificaci\u00f3n\u00bb<\/strong>, finalizaron.<\/p>\n","protected":false},"excerpt":{"rendered":"<div class=\"mh-excerpt\"><p>La Audiencia Provincial de C\u00e1diz ha emitido una sentencia condenando al Ayuntamiento de San Roque a publicar en la p\u00e1gina web municipal en el plazo <a class=\"mh-excerpt-more\" href=\"https:\/\/democraciaactiva.eu\/?p=1157\" title=\"Condenan al Ayuntamiento de San Roque a rectificar las informaciones sobre DCA\">[&#8230;]<\/a><\/p>\n<\/div>","protected":false},"author":1,"featured_media":0,"comment_status":"closed","ping_status":"open","sticky":false,"template":"","format":"standard","meta":[],"categories":[5,6,8],"tags":[],"_links":{"self":[{"href":"https:\/\/democraciaactiva.eu\/index.php?rest_route=\/wp\/v2\/posts\/1157"}],"collection":[{"href":"https:\/\/democraciaactiva.eu\/index.php?rest_route=\/wp\/v2\/posts"}],"about":[{"href":"https:\/\/democraciaactiva.eu\/index.php?rest_route=\/wp\/v2\/types\/post"}],"author":[{"embeddable":true,"href":"https:\/\/democraciaactiva.eu\/index.php?rest_route=\/wp\/v2\/users\/1"}],"replies":[{"embeddable":true,"href":"https:\/\/democraciaactiva.eu\/index.php?rest_route=%2Fwp%2Fv2%2Fcomments&post=1157"}],"version-history":[{"count":0,"href":"https:\/\/democraciaactiva.eu\/index.php?rest_route=\/wp\/v2\/posts\/1157\/revisions"}],"wp:attachment":[{"href":"https:\/\/democraciaactiva.eu\/index.php?rest_route=%2Fwp%2Fv2%2Fmedia&parent=1157"}],"wp:term":[{"taxonomy":"category","embeddable":true,"href":"https:\/\/democraciaactiva.eu\/index.php?rest_route=%2Fwp%2Fv2%2Fcategories&post=1157"},{"taxonomy":"post_tag","embeddable":true,"href":"https:\/\/democraciaactiva.eu\/index.php?rest_route=%2Fwp%2Fv2%2Ftags&post=1157"}],"curies":[{"name":"wp","href":"https:\/\/api.w.org\/{rel}","templated":true}]}}