{"id":1153,"date":"2016-04-21T15:39:12","date_gmt":"2016-04-21T14:39:12","guid":{"rendered":"http:\/\/democraciaactiva.eu\/?p=1153"},"modified":"2016-04-21T15:39:12","modified_gmt":"2016-04-21T14:39:12","slug":"el-psoe-de-sanlucar-de-guadiana-sigue-apostando-por-la-transparencia-cero","status":"publish","type":"post","link":"https:\/\/democraciaactiva.eu\/?p=1153","title":{"rendered":"El PSOE de Sanl\u00facar de Guadiana sigue apostando por la \u00abtransparencia cero\u00bb"},"content":{"rendered":"<p style=\"text-align: justify;\">El exalcalde socialista de Sanl\u00facar de Guadiana (Huelva) intenta que el actual Alcalde niegue el acceso a la documentaci\u00f3n p\u00fablica que \u00e9l considera \u00abprivilegiada\u00bb.<\/p>\n<p style=\"text-align: justify;\">Cabe recordar que desde la aprobaci\u00f3n de la Ley 19\/2013 de transparencia, acceso a la informaci\u00f3n p\u00fablica y buen gobierno, su\u00a0art. 13 define como informaci\u00f3n p\u00fablica <strong>\u00ablos contenidos o documentos, cualquiera que sea su formato o soporte, que obren en poder de alguno de los sujetos incluidos en el \u00e1mbito de aplicaci\u00f3n de este t\u00edtulo y que hayan sido elaborados o adquiridos en el ejercicio de sus funciones.\u00bb<\/strong>\u00a0Es decir: que toda la documentaci\u00f3n de la administraci\u00f3n p\u00fablica pasa a ser realmente p\u00fablica, salvo excepciones muy puntuales definidas en el art. 14 de la misma Ley.<\/p>\n<p style=\"text-align: justify;\">Sin embargo, el exalcalde considera que no se ha respetado su derecho a la protecci\u00f3n de datos personales. Probablemente desconozca\u00a0que el art. 15 de la misma Ley de transparencia establece que se anonimicen los datos personales referidos por el apartado 2 del art. 7 de la LOPD, que corresponden a los de\u00a0ideolog\u00eda, religi\u00f3n, creencias, afiliaci\u00f3n sindical, origen racial, salud, vida sexual, sin que se refiera a ninguno de estos en su alegato. El resto de datos, como los considerados meramente identificativos, carecen de protecci\u00f3n alguna, ya que <strong>la LOPD no se aplica a las informaciones de car\u00e1cter p\u00fablico.<\/strong><\/p>\n<p><iframe loading=\"lazy\" title=\"SANL\u00daCAR DE GUADIANA - PREGUNTA SOBRE LA INVESTIGACI\u00d3N DE FISCALIA\" width=\"500\" height=\"281\" src=\"https:\/\/www.youtube.com\/embed\/gfr9woub0JI?feature=oembed\" frameborder=\"0\" allow=\"accelerometer; autoplay; clipboard-write; encrypted-media; gyroscope; picture-in-picture; web-share\" allowfullscreen><\/iframe><\/p>\n<p style=\"text-align: justify;\">Realmente la preocupaci\u00f3n del ex-alcalde le viene de lejos, y no es precisamente que quiera velar por\u00a0el cumplimiento de la LOPD, sino por procurar que los contratos realizados por el Consistorio con personas cercanas a los gobernantes\u00a0no salgan a la luz&#8230;. y sinti\u00e9ndolo mucho, los ciudadanos tienen derechos, tambi\u00e9n en Sanl\u00facar de Guadiana.<\/p>\n<p style=\"text-align: justify;\">En concreto el exalcalde se queja de que un miembro de DCA\u00a0en esa poblaci\u00f3n haya recopilado distintos documentos municipales y los presentara a la Fiscal\u00eda, que l\u00f3gicamente ha iniciado las oportunas averiguaciones. No todas van tan r\u00e1pido como la de los compa\u00f1eros en Ambite, pero estamos\u00a0seguros que har\u00e1n su trabajo.<\/p>\n<p style=\"text-align: justify;\">Y si le preocupan los que ya han llegado, que espere a ver los que est\u00e1n en estudio actualmente, porque igual tambi\u00e9n consideraba que los ciudadanos m\u00e1s cercanos a la alcald\u00eda\u00a0estaban exentos del pago de suministros cuando contrataban con su Ayuntamiento&#8230; y va a ser que no.<\/p>\n<p style=\"text-align: justify;\">Al actual Alcalde de esta poblaci\u00f3n le agradecemos que intente hacer cumplir la norma, que facilite el acceso a los ciudadanos, y esperamos que no cambie su actitud por muchas amenazas que reciba, <strong>permitiendo que la transparencia sea norma fundamental de la administraci\u00f3n p\u00fablica.<\/strong><\/p>\n","protected":false},"excerpt":{"rendered":"<div class=\"mh-excerpt\"><p>El exalcalde socialista de Sanl\u00facar de Guadiana (Huelva) intenta que el actual Alcalde niegue el acceso a la documentaci\u00f3n p\u00fablica que \u00e9l considera \u00abprivilegiada\u00bb. Cabe <a class=\"mh-excerpt-more\" href=\"https:\/\/democraciaactiva.eu\/?p=1153\" title=\"El PSOE de Sanl\u00facar de Guadiana sigue apostando por la \u00abtransparencia cero\u00bb\">[&#8230;]<\/a><\/p>\n<\/div>","protected":false},"author":1,"featured_media":0,"comment_status":"closed","ping_status":"open","sticky":false,"template":"","format":"standard","meta":[],"categories":[5,6,8],"tags":[],"_links":{"self":[{"href":"https:\/\/democraciaactiva.eu\/index.php?rest_route=\/wp\/v2\/posts\/1153"}],"collection":[{"href":"https:\/\/democraciaactiva.eu\/index.php?rest_route=\/wp\/v2\/posts"}],"about":[{"href":"https:\/\/democraciaactiva.eu\/index.php?rest_route=\/wp\/v2\/types\/post"}],"author":[{"embeddable":true,"href":"https:\/\/democraciaactiva.eu\/index.php?rest_route=\/wp\/v2\/users\/1"}],"replies":[{"embeddable":true,"href":"https:\/\/democraciaactiva.eu\/index.php?rest_route=%2Fwp%2Fv2%2Fcomments&post=1153"}],"version-history":[{"count":0,"href":"https:\/\/democraciaactiva.eu\/index.php?rest_route=\/wp\/v2\/posts\/1153\/revisions"}],"wp:attachment":[{"href":"https:\/\/democraciaactiva.eu\/index.php?rest_route=%2Fwp%2Fv2%2Fmedia&parent=1153"}],"wp:term":[{"taxonomy":"category","embeddable":true,"href":"https:\/\/democraciaactiva.eu\/index.php?rest_route=%2Fwp%2Fv2%2Fcategories&post=1153"},{"taxonomy":"post_tag","embeddable":true,"href":"https:\/\/democraciaactiva.eu\/index.php?rest_route=%2Fwp%2Fv2%2Ftags&post=1153"}],"curies":[{"name":"wp","href":"https:\/\/api.w.org\/{rel}","templated":true}]}}