{"id":115,"date":"2014-03-29T10:47:52","date_gmt":"2014-03-29T09:47:52","guid":{"rendered":"http:\/\/democraciaactiva.eu\/?p=115"},"modified":"2018-11-07T12:58:55","modified_gmt":"2018-11-07T12:58:55","slug":"se-busca-ayuntamiento-de-san-roque","status":"publish","type":"post","link":"https:\/\/democraciaactiva.eu\/?p=115","title":{"rendered":"Se Busca: Ayuntamiento de San Roque"},"content":{"rendered":"<p style=\"text-align: justify;\">La Asociaci\u00f3n Defensa Ciudadana Activa ha puesto en marcha un expediente para <strong>tratar de localizar al \u00abAyuntamiento\u00bb,<\/strong> que realiz\u00f3 declaraciones en la web municipal de San Roque el pasado 23 de noviembre de 2.013 acus\u00e1ndoles de un presunto delito de suplantaci\u00f3n.<\/p>\n<p style=\"text-align: justify;\">Conforme al art. 21.b de la Ley 7\/85 reguladora de las Bases del R\u00e9gimen Local, el \u00fanico representante del Ayuntamiento es el Alcalde, por lo que la asociaci\u00f3n procedi\u00f3 contra \u00e9l al considerar que sus declaraciones eran manifiestamente falsas. La sorpresa ha llegado cuando el primer edil de San Roque ha certificado en el Juzgado n\u00ba 2 de esta ciudad que <strong>\u00e9l no ha sido quien realiz\u00f3 estas declaraciones<\/strong>,\u00a0insistiendo en que \u00abel Ayuntamiento es una cosa\u00bb y \u00e9l no es responsable de lo que diga.<\/p>\n<p style=\"text-align: justify;\">Curiosamente en las declaraciones de este \u00abAyuntamiento\u00bb al que no ha sido posible localizar, se pretend\u00eda denunciar al presidente de la Asociaci\u00f3n Defensa Ciudadana Activa por supuestas acciones de algunos de sus socios. \u00abEs decir, que este Ayuntamiento desconocido afirma que debe denunciar al presidente de una Asociaci\u00f3n por lo que hagan sus socios, pero de lo que haga un Ayuntamiento no hay responsables. Algo demasiado t\u00edpico en los pol\u00edticos hoy en d\u00eda.\u00bb, criticaron.<\/p>\n<p style=\"text-align: justify;\">Desde el colectivo consideran que \u00abquien quiera que haya realizado declaraciones en nombre del Ayuntamiento ha suplantado la identidad del primer edil, \u00fanico representante del mismo conforme a la Ley\u00bb, por lo que<strong> han pedido que se identifique y denuncie a esa persona por el mismo delito del que les acusaban a ellos<\/strong> de suplantaci\u00f3n.<\/p>\n<p style=\"text-align: justify;\">Adem\u00e1s de \u00e9ste presunto delito, DCA entiende que tambi\u00e9n habr\u00edan vulnerado claramente la Ley Org\u00e1nica Reguladora de Protecci\u00f3n de Datos de Car\u00e1cter Personal, ya que en la publicaci\u00f3n se evidencia que han tenido acceso a los datos de la Junta Directiva de la Asociaci\u00f3n que fueron facilitados a la Secretar\u00eda General sin autorizaci\u00f3n. Aunque no es la primera ocasi\u00f3n en que se emiten quejas por el mal uso de los datos personales por el Ayuntamiento de San Roque, \u00e9sta podr\u00eda ser la primera ocasi\u00f3n en que se denunciara una infracci\u00f3n grave por parte de personas f\u00edsicas ajenas a la instituci\u00f3n municipal, al rechazar el primer edil que haya sido \u00e9l, representante \u00fanico del Ayuntamiento, quien los utilizara.<\/p>\n<p style=\"text-align: justify;\">Por todo ello DCA considera importante aclara qui\u00e9n viene utilizando el nombre del Ayuntamiento contra su colectivo y exigirle las responsabilidades a que haya lugar. \u00abNo cabe en democracia que alguien pueda esconderse detr\u00e1s del nombre de una instituci\u00f3n municipal para evitar las consecuencias de sus acciones, y si desde la Alcald\u00eda se permite y no se persigue entendemos que finalmente ser\u00e1 igualmente responsable.\u00bb. Como primera medida la Asociaci\u00f3n consultar\u00e1 a todos los ediles del Consistorio si fueron\u00a0o conocen quienes\u00a0hacen declaraciones contra el colectivo autoproclam\u00e1ndose representante del Ayuntamiento,\u00a0\u00a0y estudiar\u00e1n iniciar\u00a0acciones judiciales contra los que no contesten ya que<strong> \u00abevidentemente quien calla otorga, y dudamos que la empresa municipal de comunicaci\u00f3n haya tomado como Ayuntamiento al vendedor de la esquina, aunque todo es posible.\u00bb<\/strong><\/p>\n<p style=\"text-align: justify;\">Por \u00faltimo el colectivo solicitar\u00e1 la identificaci\u00f3n de los responsables de las publicaciones en la web municipal, al objeto de estudiar si es necesario su citaci\u00f3n para esclarecer los hechos y<strong> localizar qui\u00e9n se hace pasar por el Ayuntamiento de San Roque.<\/strong><\/p>\n<p><a href=\"https:\/\/democraciaactiva.eu\/wp-content\/uploads\/2014\/03\/Nota-Alcalde.jpg\"><img decoding=\"async\" loading=\"lazy\" class=\"aligncenter size-medium wp-image-1769\" src=\"https:\/\/democraciaactiva.eu\/wp-content\/uploads\/2014\/03\/Nota-Alcalde-210x300.jpg\" alt=\"\" width=\"210\" height=\"300\" srcset=\"https:\/\/democraciaactiva.eu\/wp-content\/uploads\/2014\/03\/Nota-Alcalde-210x300.jpg 210w, https:\/\/democraciaactiva.eu\/wp-content\/uploads\/2014\/03\/Nota-Alcalde-768x1095.jpg 768w, https:\/\/democraciaactiva.eu\/wp-content\/uploads\/2014\/03\/Nota-Alcalde-718x1024.jpg 718w, https:\/\/democraciaactiva.eu\/wp-content\/uploads\/2014\/03\/Nota-Alcalde.jpg 1606w\" sizes=\"(max-width: 210px) 100vw, 210px\" \/><\/a><\/p>\n","protected":false},"excerpt":{"rendered":"<div class=\"mh-excerpt\"><p>La Asociaci\u00f3n Defensa Ciudadana Activa ha puesto en marcha un expediente para tratar de localizar al \u00abAyuntamiento\u00bb, que realiz\u00f3 declaraciones en la web municipal de <a class=\"mh-excerpt-more\" href=\"https:\/\/democraciaactiva.eu\/?p=115\" title=\"Se Busca: Ayuntamiento de San Roque\">[&#8230;]<\/a><\/p>\n<\/div>","protected":false},"author":1,"featured_media":1769,"comment_status":"open","ping_status":"open","sticky":false,"template":"","format":"standard","meta":[],"categories":[12],"tags":[],"_links":{"self":[{"href":"https:\/\/democraciaactiva.eu\/index.php?rest_route=\/wp\/v2\/posts\/115"}],"collection":[{"href":"https:\/\/democraciaactiva.eu\/index.php?rest_route=\/wp\/v2\/posts"}],"about":[{"href":"https:\/\/democraciaactiva.eu\/index.php?rest_route=\/wp\/v2\/types\/post"}],"author":[{"embeddable":true,"href":"https:\/\/democraciaactiva.eu\/index.php?rest_route=\/wp\/v2\/users\/1"}],"replies":[{"embeddable":true,"href":"https:\/\/democraciaactiva.eu\/index.php?rest_route=%2Fwp%2Fv2%2Fcomments&post=115"}],"version-history":[{"count":1,"href":"https:\/\/democraciaactiva.eu\/index.php?rest_route=\/wp\/v2\/posts\/115\/revisions"}],"predecessor-version":[{"id":1770,"href":"https:\/\/democraciaactiva.eu\/index.php?rest_route=\/wp\/v2\/posts\/115\/revisions\/1770"}],"wp:featuredmedia":[{"embeddable":true,"href":"https:\/\/democraciaactiva.eu\/index.php?rest_route=\/wp\/v2\/media\/1769"}],"wp:attachment":[{"href":"https:\/\/democraciaactiva.eu\/index.php?rest_route=%2Fwp%2Fv2%2Fmedia&parent=115"}],"wp:term":[{"taxonomy":"category","embeddable":true,"href":"https:\/\/democraciaactiva.eu\/index.php?rest_route=%2Fwp%2Fv2%2Fcategories&post=115"},{"taxonomy":"post_tag","embeddable":true,"href":"https:\/\/democraciaactiva.eu\/index.php?rest_route=%2Fwp%2Fv2%2Ftags&post=115"}],"curies":[{"name":"wp","href":"https:\/\/api.w.org\/{rel}","templated":true}]}}