{"id":1133,"date":"2016-04-04T17:01:32","date_gmt":"2016-04-04T16:01:32","guid":{"rendered":"http:\/\/democraciaactiva.eu\/?p=1133"},"modified":"2016-04-04T17:01:32","modified_gmt":"2016-04-04T16:01:32","slug":"dca-pide-informe-a-la-agpd-sobre-el-uso-de-la-imagen-de-trabajadores-en-san-roque","status":"publish","type":"post","link":"https:\/\/democraciaactiva.eu\/?p=1133","title":{"rendered":"DCA  pide informe a la AGPD sobre el uso de la imagen de trabajadores en San Roque."},"content":{"rendered":"<p style=\"text-align: justify;\">La Asociaci\u00f3n Defensa Ciudadana Activa ha solicitado al gabinete jur\u00eddico de la Agencia Espa\u00f1ola de Protecci\u00f3n de Datos informe relativo al <strong>uso que determinados Ayuntamientos, y concretamente el de San Roque, vienen haciendo de la imagen de sus trabajadores.<\/strong><\/p>\n<p style=\"text-align: justify;\">En concreto DCA hace referencia a las \u201c<em><strong>continuas difusiones con car\u00e1cter publicitario que realiza el Alcalde y Concejales de grupos de trabajadores reci\u00e9n contratados, cuando entendemos que no se inclu\u00eda en las condiciones de su puesto el servir de modelo fotogr\u00e1fico para el gabinete de prensa<\/strong><\/em>\u201d, criticaron.<\/p>\n<p style=\"text-align: justify;\">Por ello la Asociaci\u00f3n ha solicitado los requisitos que deber\u00edan cumplir las administraciones p\u00fablicas para poder utilizar la imagen de quienes contrata y difundirlas a los diferentes medios de comunicaci\u00f3n.<\/p>\n<p style=\"text-align: justify;\">\u201cNos parece muy bien que el Alcalde y concejales salgan todos los d\u00edas en alguna foto, pero no tan bien <strong>que metan obligatoriamente a quienes ha contratado la administraci\u00f3n sin darles opci\u00f3n alguna<\/strong>, ya que dudamos que se les haya informado previamente sobre si ten\u00edan derecho a oponerse a este tratamiento, ni los Ayuntamientos parecen tener registrado el fichero de datos personales que incluye las im\u00e1genes de sus trabajadores con fines publicitarios, y estas sesiones fotogr\u00e1ficas entendemos que pueden atentar contra los derechos\u00a0de los trabajadores a los que <strong>obligan a posar para rellenar la imagen del gobierno local de turno<\/strong>\u201d, finalizaron.<\/p>\n<p style=\"text-align: justify;\">Desde DCA esperar\u00e1n el informe de la AGPD antes de tomar medidas contra las administraciones que realizan estas pr\u00e1cticas en caso de que incumplan la normativa vigente.<\/p>\n","protected":false},"excerpt":{"rendered":"<div class=\"mh-excerpt\"><p>La Asociaci\u00f3n Defensa Ciudadana Activa ha solicitado al gabinete jur\u00eddico de la Agencia Espa\u00f1ola de Protecci\u00f3n de Datos informe relativo al uso que determinados Ayuntamientos, <a class=\"mh-excerpt-more\" href=\"https:\/\/democraciaactiva.eu\/?p=1133\" title=\"DCA  pide informe a la AGPD sobre el uso de la imagen de trabajadores en San Roque.\">[&#8230;]<\/a><\/p>\n<\/div>","protected":false},"author":1,"featured_media":0,"comment_status":"closed","ping_status":"open","sticky":false,"template":"","format":"standard","meta":[],"categories":[5,8],"tags":[],"_links":{"self":[{"href":"https:\/\/democraciaactiva.eu\/index.php?rest_route=\/wp\/v2\/posts\/1133"}],"collection":[{"href":"https:\/\/democraciaactiva.eu\/index.php?rest_route=\/wp\/v2\/posts"}],"about":[{"href":"https:\/\/democraciaactiva.eu\/index.php?rest_route=\/wp\/v2\/types\/post"}],"author":[{"embeddable":true,"href":"https:\/\/democraciaactiva.eu\/index.php?rest_route=\/wp\/v2\/users\/1"}],"replies":[{"embeddable":true,"href":"https:\/\/democraciaactiva.eu\/index.php?rest_route=%2Fwp%2Fv2%2Fcomments&post=1133"}],"version-history":[{"count":0,"href":"https:\/\/democraciaactiva.eu\/index.php?rest_route=\/wp\/v2\/posts\/1133\/revisions"}],"wp:attachment":[{"href":"https:\/\/democraciaactiva.eu\/index.php?rest_route=%2Fwp%2Fv2%2Fmedia&parent=1133"}],"wp:term":[{"taxonomy":"category","embeddable":true,"href":"https:\/\/democraciaactiva.eu\/index.php?rest_route=%2Fwp%2Fv2%2Fcategories&post=1133"},{"taxonomy":"post_tag","embeddable":true,"href":"https:\/\/democraciaactiva.eu\/index.php?rest_route=%2Fwp%2Fv2%2Ftags&post=1133"}],"curies":[{"name":"wp","href":"https:\/\/api.w.org\/{rel}","templated":true}]}}