{"id":1127,"date":"2016-03-25T17:10:49","date_gmt":"2016-03-25T16:10:49","guid":{"rendered":"http:\/\/democraciaactiva.eu\/?p=1127"},"modified":"2016-03-25T17:10:49","modified_gmt":"2016-03-25T16:10:49","slug":"proteccion-civil-avala-la-reforma-en-loma-de-dilar","status":"publish","type":"post","link":"https:\/\/democraciaactiva.eu\/?p=1127","title":{"rendered":"Protecci\u00f3n Civil avala la reforma en Loma de D\u00edlar"},"content":{"rendered":"<p style=\"text-align: justify;\">Pese a que\u00a0el expediente sobre la reforma de la calle Loma de D\u00edlar (Granada) qued\u00f3 concluido el pasado mes de noviembre, <a href=\"https:\/\/democraciaactiva.eu\/?p=1092\" target=\"_blank\">tras la reforma integral del estacionamiento en dicha calle<\/a>, el Ayuntamiento de Granada nos ha remitido con posterioridad informe del servicio de Protecci\u00f3n Civil al respecto.<a href=\"https:\/\/democraciaactiva.eu\/wp-content\/uploads\/2016\/03\/Informe.jpg\" rel=\"attachment wp-att-1129\"><img decoding=\"async\" loading=\"lazy\" class=\"aligncenter wp-image-1129 size-medium\" src=\"https:\/\/democraciaactiva.eu\/wp-content\/uploads\/2016\/03\/Informe-198x300.jpg\" alt=\"Informe\" width=\"198\" height=\"300\" \/><\/a><a href=\"https:\/\/democraciaactiva.eu\/wp-content\/uploads\/2016\/03\/Informe-bomberos.jpg\" rel=\"attachment wp-att-1128\"><img decoding=\"async\" loading=\"lazy\" class=\"aligncenter wp-image-1128 size-medium\" src=\"https:\/\/democraciaactiva.eu\/wp-content\/uploads\/2016\/03\/Informe-bomberos-172x300.jpg\" alt=\"Informe bomberos\" width=\"172\" height=\"300\" \/><\/a><\/p>\n<p style=\"text-align: justify;\">Aunque, como bien indica el t\u00e9cnico competente al respecto, su an\u00e1lisis no entra en la accesibilidad para las personas, es de agradecer que administraciones p\u00fablicas como \u00e9sta sigan un estricto protocolo con las peticiones, informando a todos los departamentos que puedan verse afectados, y sobre todo respondiendo a los ciudadanos sobre sus actuaciones.<\/p>\n<p style=\"text-align: justify;\">No es nuestra costumbre agradecer a las administraciones por una labor que\u00a0deber\u00eda ser de lo m\u00e1s habitual, ya que entra en las funciones del trabajo para el que los ciudadanos pagan sus impuestos. No obstante, resaltamos esta comunicaci\u00f3n por cuanto destaca\u00a0de la cantidad de Ayuntamientos que no demuestran inter\u00e9s alguno por atender a los ciudadanos sino m\u00e1s bien todo lo contrario, por\u00a0esconderse de ellos.<\/p>\n","protected":false},"excerpt":{"rendered":"<div class=\"mh-excerpt\"><p>Pese a que\u00a0el expediente sobre la reforma de la calle Loma de D\u00edlar (Granada) qued\u00f3 concluido el pasado mes de noviembre, tras la reforma integral <a class=\"mh-excerpt-more\" href=\"https:\/\/democraciaactiva.eu\/?p=1127\" title=\"Protecci\u00f3n Civil avala la reforma en Loma de D\u00edlar\">[&#8230;]<\/a><\/p>\n<\/div>","protected":false},"author":1,"featured_media":0,"comment_status":"closed","ping_status":"open","sticky":false,"template":"","format":"standard","meta":[],"categories":[3,5],"tags":[],"_links":{"self":[{"href":"https:\/\/democraciaactiva.eu\/index.php?rest_route=\/wp\/v2\/posts\/1127"}],"collection":[{"href":"https:\/\/democraciaactiva.eu\/index.php?rest_route=\/wp\/v2\/posts"}],"about":[{"href":"https:\/\/democraciaactiva.eu\/index.php?rest_route=\/wp\/v2\/types\/post"}],"author":[{"embeddable":true,"href":"https:\/\/democraciaactiva.eu\/index.php?rest_route=\/wp\/v2\/users\/1"}],"replies":[{"embeddable":true,"href":"https:\/\/democraciaactiva.eu\/index.php?rest_route=%2Fwp%2Fv2%2Fcomments&post=1127"}],"version-history":[{"count":0,"href":"https:\/\/democraciaactiva.eu\/index.php?rest_route=\/wp\/v2\/posts\/1127\/revisions"}],"wp:attachment":[{"href":"https:\/\/democraciaactiva.eu\/index.php?rest_route=%2Fwp%2Fv2%2Fmedia&parent=1127"}],"wp:term":[{"taxonomy":"category","embeddable":true,"href":"https:\/\/democraciaactiva.eu\/index.php?rest_route=%2Fwp%2Fv2%2Fcategories&post=1127"},{"taxonomy":"post_tag","embeddable":true,"href":"https:\/\/democraciaactiva.eu\/index.php?rest_route=%2Fwp%2Fv2%2Ftags&post=1127"}],"curies":[{"name":"wp","href":"https:\/\/api.w.org\/{rel}","templated":true}]}}