{"id":1120,"date":"2015-12-09T22:55:53","date_gmt":"2015-12-09T21:55:53","guid":{"rendered":"http:\/\/democraciaactiva.eu\/?p=1120"},"modified":"2015-12-09T22:55:53","modified_gmt":"2015-12-09T21:55:53","slug":"dca-considera-inviable-la-subida-del-ibi-aprobada-en-jimena","status":"publish","type":"post","link":"https:\/\/democraciaactiva.eu\/?p=1120","title":{"rendered":"DCA  considera inviable la subida del IBI aprobada en Jimena."},"content":{"rendered":"<p style=\"text-align: justify;\">Tras tener conocimiento de la aprobaci\u00f3n de una subida del coeficiente municipal aplicable al Impuesto de Bienes Inmuebles, desde la Asociaci\u00f3n Defensa Ciudadana Activa <strong>se ha solicitado informaci\u00f3n al Consistorio sobre la viabilidad de su aplicaci\u00f3n para 2.016<\/strong>.<\/p>\n<p style=\"text-align: justify;\"><img decoding=\"async\" loading=\"lazy\" class=\"aligncenter size-medium wp-image-1121\" src=\"https:\/\/democraciaactiva.eu\/wp-content\/uploads\/2015\/12\/IBI-Jimena-300x180.jpg\" alt=\"IBI Jimena\" width=\"300\" height=\"180\" \/><\/p>\n<p style=\"text-align: justify;\">Ello se debe a que, seg\u00fan indican en su misiva al Ayuntamiento, \u201cla normativa parece suficientemente clara, y dado que se public\u00f3 en el BOP de C\u00e1diz el pasado 26 de noviembre, teniendo un periodo de 30 d\u00edas h\u00e1biles para informaci\u00f3n p\u00fablica, <strong>parece\u00a0imposible que est\u00e9 aprobada definitivamente para el 1 de enero,<\/strong> fecha del devengo de este impuesto anual\u201d, informaron.<\/p>\n<p style=\"text-align: justify;\">Por ello, desde DCA entienden que <strong>la aplicaci\u00f3n de esta subida de \u00edndices no podr\u00eda aplicarse hasta los recibos de 2.017<\/strong>. De este modo, los vecinos ver\u00edan aplicada la reciente reducci\u00f3n de valores catastrales en sus recibos durante este 2.016.<\/p>\n<p style=\"text-align: justify;\">\u201cL\u00f3gicamente, entendemos que si se les pidi\u00f3 a\u00f1os atr\u00e1s que se apretaran el cintur\u00f3n y llevan casi una d\u00e9cada soportando incrementos del 10% anuales, <strong>este respiro en la carga impositiva es lo m\u00ednimo que se pod\u00eda esperar<\/strong>\u201d, resaltaron miembros de la asociaci\u00f3n afectados.<\/p>\n<p style=\"text-align: justify;\">Los Grupos Municipales que aprobaron esta subida en el coeficiente alegaron que era imposible mantener los servicios b\u00e1sicos sin elevar el coeficiente, ya que la bajada de valores <strong>supon\u00eda algo m\u00e1s de 260 mil euros menos en el presupuesto<\/strong>.<\/p>\n<p style=\"text-align: justify;\">En este caso, de ser correcta la apreciaci\u00f3n de DCA, \u201c<strong>no les quedar\u00e1 otra que recortar de otro lado, y sugerimos que empiecen por las subvenciones a Grupos Pol\u00edticos Municipales<\/strong> que podr\u00edan eliminarse sin problema. Desde el Ayuntamiento no se pregunta a los vecinos c\u00f3mo lo tienen para llegar a final de mes, por lo que es normal que a los vecinos no les preocupe ahora c\u00f3mo van a hacer c\u00e1balas para ajustar su presupuesto.\u201d, finalizaron.<\/p>\n<p style=\"text-align: justify;\"><a href=\"https:\/\/democraciaactiva.eu\/wp-content\/uploads\/2015\/12\/S15488.jpg\"><img decoding=\"async\" loading=\"lazy\" class=\"aligncenter size-medium wp-image-1123\" src=\"https:\/\/democraciaactiva.eu\/wp-content\/uploads\/2015\/12\/S15488-173x300.jpg\" alt=\"S15488\" width=\"173\" height=\"300\" \/><\/a><\/p>\n","protected":false},"excerpt":{"rendered":"<div class=\"mh-excerpt\"><p>Tras tener conocimiento de la aprobaci\u00f3n de una subida del coeficiente municipal aplicable al Impuesto de Bienes Inmuebles, desde la Asociaci\u00f3n Defensa Ciudadana Activa se <a class=\"mh-excerpt-more\" href=\"https:\/\/democraciaactiva.eu\/?p=1120\" title=\"DCA  considera inviable la subida del IBI aprobada en Jimena.\">[&#8230;]<\/a><\/p>\n<\/div>","protected":false},"author":1,"featured_media":0,"comment_status":"closed","ping_status":"open","sticky":false,"template":"","format":"standard","meta":[],"categories":[5],"tags":[],"_links":{"self":[{"href":"https:\/\/democraciaactiva.eu\/index.php?rest_route=\/wp\/v2\/posts\/1120"}],"collection":[{"href":"https:\/\/democraciaactiva.eu\/index.php?rest_route=\/wp\/v2\/posts"}],"about":[{"href":"https:\/\/democraciaactiva.eu\/index.php?rest_route=\/wp\/v2\/types\/post"}],"author":[{"embeddable":true,"href":"https:\/\/democraciaactiva.eu\/index.php?rest_route=\/wp\/v2\/users\/1"}],"replies":[{"embeddable":true,"href":"https:\/\/democraciaactiva.eu\/index.php?rest_route=%2Fwp%2Fv2%2Fcomments&post=1120"}],"version-history":[{"count":0,"href":"https:\/\/democraciaactiva.eu\/index.php?rest_route=\/wp\/v2\/posts\/1120\/revisions"}],"wp:attachment":[{"href":"https:\/\/democraciaactiva.eu\/index.php?rest_route=%2Fwp%2Fv2%2Fmedia&parent=1120"}],"wp:term":[{"taxonomy":"category","embeddable":true,"href":"https:\/\/democraciaactiva.eu\/index.php?rest_route=%2Fwp%2Fv2%2Fcategories&post=1120"},{"taxonomy":"post_tag","embeddable":true,"href":"https:\/\/democraciaactiva.eu\/index.php?rest_route=%2Fwp%2Fv2%2Ftags&post=1120"}],"curies":[{"name":"wp","href":"https:\/\/api.w.org\/{rel}","templated":true}]}}