{"id":112,"date":"2014-03-29T08:23:23","date_gmt":"2014-03-29T07:23:23","guid":{"rendered":"http:\/\/democraciaactiva.eu\/?p=112"},"modified":"2014-03-29T08:23:23","modified_gmt":"2014-03-29T07:23:23","slug":"dca-cuestiona-los-cambios-en-el-parking-de-la-policia-local","status":"publish","type":"post","link":"https:\/\/democraciaactiva.eu\/?p=112","title":{"rendered":"DCA cuestiona los cambios en el parking de la Polic\u00eda Local."},"content":{"rendered":"<p>En estos d\u00edas se ha procedido al parecer a reestructurar el parking junto a la Jefatura de Polic\u00eda Local, de modo que los agentes no puedan estacionar sus veh\u00edculos all\u00ed al acudir a su centro de trabajo.<\/p>\n<p>En su lugar, se reservar\u00e1n plazas para comodidad de los concejales as\u00ed como visitas que \u00e9stos autoricen, por lo que los agentes deber\u00e1n dejar sus veh\u00edculos fuera del recinto. Esta situaci\u00f3n, aunque mejorar\u00eda la seguridad y comodidad de los veh\u00edculos particulares de los Concejales y sus visitas, perjudicar\u00eda la seguridad de los agentes, que estar\u00edan m\u00e1s expuestos a sufrir da\u00f1os en sus veh\u00edculos siendo f\u00e1cilmente identificables durante el tiempo de su jornada laboral.<\/p>\n<p>\u201cNo parece l\u00f3gico exponer a los agentes, m\u00e1xime cuando el propio Edil de Seguridad Ciudadana lamentablemente ha padecido actos de vandalismo en su veh\u00edculo, existiendo posibilidades dentro del recinto vigilado.\u201d, indicaron desde el colectivo ciudadano.<\/p>\n<p>Por otro lado, el recinto cuenta con c\u00e1maras de vigilancia en el exterior sin identificaci\u00f3n del responsable de las mismas, por lo que desde Defensa Ciudadana Activa se ha instado a regularizar su situaci\u00f3n. \u201cEl Ayuntamiento de San Roque no tiene inscrito fichero alguno relativo a la videovigilancia en la Agencia Espa\u00f1ola de Protecci\u00f3n de Datos, por lo que ya hemos advertido en varias ocasiones de esta irregularidad. No obstante, en vista de que no hay cambios, procederemos a la consulta ante el \u00f3rgano competente para revisar esta situaci\u00f3n.\u201d, informaron.<\/p>\n<p>Desde DCA se critic\u00f3 que no se haya dado orden escrita a los agentes sobre la nueva prohibici\u00f3n, \u201cdejando en clara indefensi\u00f3n con simples \u00f3rdenes verbales a quienes podr\u00edan recurrir tales decisiones. No nos parece adecuada la decisi\u00f3n, pero menos que se haga sin procedimiento administrativo alguno.\u201d, finalizaron. <\/p>\n","protected":false},"excerpt":{"rendered":"<div class=\"mh-excerpt\"><p>En estos d\u00edas se ha procedido al parecer a reestructurar el parking junto a la Jefatura de Polic\u00eda Local, de modo que los agentes no <a class=\"mh-excerpt-more\" href=\"https:\/\/democraciaactiva.eu\/?p=112\" title=\"DCA cuestiona los cambios en el parking de la Polic\u00eda Local.\">[&#8230;]<\/a><\/p>\n<\/div>","protected":false},"author":1,"featured_media":0,"comment_status":"open","ping_status":"open","sticky":false,"template":"","format":"standard","meta":[],"categories":[12],"tags":[],"_links":{"self":[{"href":"https:\/\/democraciaactiva.eu\/index.php?rest_route=\/wp\/v2\/posts\/112"}],"collection":[{"href":"https:\/\/democraciaactiva.eu\/index.php?rest_route=\/wp\/v2\/posts"}],"about":[{"href":"https:\/\/democraciaactiva.eu\/index.php?rest_route=\/wp\/v2\/types\/post"}],"author":[{"embeddable":true,"href":"https:\/\/democraciaactiva.eu\/index.php?rest_route=\/wp\/v2\/users\/1"}],"replies":[{"embeddable":true,"href":"https:\/\/democraciaactiva.eu\/index.php?rest_route=%2Fwp%2Fv2%2Fcomments&post=112"}],"version-history":[{"count":0,"href":"https:\/\/democraciaactiva.eu\/index.php?rest_route=\/wp\/v2\/posts\/112\/revisions"}],"wp:attachment":[{"href":"https:\/\/democraciaactiva.eu\/index.php?rest_route=%2Fwp%2Fv2%2Fmedia&parent=112"}],"wp:term":[{"taxonomy":"category","embeddable":true,"href":"https:\/\/democraciaactiva.eu\/index.php?rest_route=%2Fwp%2Fv2%2Fcategories&post=112"},{"taxonomy":"post_tag","embeddable":true,"href":"https:\/\/democraciaactiva.eu\/index.php?rest_route=%2Fwp%2Fv2%2Ftags&post=112"}],"curies":[{"name":"wp","href":"https:\/\/api.w.org\/{rel}","templated":true}]}}