{"id":1113,"date":"2015-12-03T13:57:53","date_gmt":"2015-12-03T12:57:53","guid":{"rendered":"http:\/\/democraciaactiva.eu\/?p=1113"},"modified":"2015-12-03T13:57:53","modified_gmt":"2015-12-03T12:57:53","slug":"espartinas-nuevos-casos-de-apartheid-politico","status":"publish","type":"post","link":"https:\/\/democraciaactiva.eu\/?p=1113","title":{"rendered":"Nuevos casos de \u00abapartheid\u00bb pol\u00edtico en Espartinas."},"content":{"rendered":"<p style=\"text-align: justify;\">El pasado a\u00f1o el gobierno saliente neg\u00f3 una sala para celebrar Asambleas a nuestra compa\u00f1era en Sevilla, <strong>presidenta de\u00a0la Asociaci\u00f3n Ciudadanos de Espartinas<\/strong>, por motivos que a\u00fan se desconocen, el m\u00e1s probable haber cometido el delito de \u00abno ser de los suyos\u00bb. Ante esto se solicit\u00f3 autorizaci\u00f3n a Delegaci\u00f3n del Gobierno y se celebr\u00f3 en la entrada, donde no pod\u00edan echarlos.<\/p>\n<p style=\"text-align: justify;\">Este a\u00f1o han solicitado una sala para realizar una actividad de degustaci\u00f3n de productos t\u00edpicos, algo a lo que<strong> tienen perfecto derecho pero&#8230;<\/strong> vuelven a ser por lo visto molestos para el nuevo gobierno local, y tampoco parecen muy dispuestos a ponerles f\u00e1ciles las cosas&#8230;<\/p>\n<p style=\"text-align: justify;\"><a href=\"https:\/\/democraciaactiva.eu\/wp-content\/uploads\/2015\/12\/Rechazo-sala.jpg\"><img decoding=\"async\" loading=\"lazy\" class=\"aligncenter size-medium wp-image-1114\" src=\"https:\/\/democraciaactiva.eu\/wp-content\/uploads\/2015\/12\/Rechazo-sala-300x192.jpg\" alt=\"Rechazo sala\" width=\"300\" height=\"192\" \/><\/a><\/p>\n<p style=\"text-align: justify;\">La \u00ab<strong>respuesta t\u00e9cnica<\/strong>\u00bb que han recibido es que no se puede celebrar sin <strong>pagar antes una tasa de 20 euritos por hora<\/strong>. \u00bfNo parece algo excesivo?&#8230; pero miremos qu\u00e9 dicen las normas&#8230;.<\/p>\n<p style=\"text-align: justify;\"><a href=\"https:\/\/democraciaactiva.eu\/wp-content\/uploads\/2015\/12\/Tasa-Salas.jpg\"><img decoding=\"async\" loading=\"lazy\" class=\"aligncenter size-medium wp-image-1115\" src=\"https:\/\/democraciaactiva.eu\/wp-content\/uploads\/2015\/12\/Tasa-Salas-288x300.jpg\" alt=\"Tasa Salas\" width=\"288\" height=\"300\" \/><\/a><\/p>\n<p style=\"text-align: justify;\">Lo primero que llama la atenci\u00f3n es que les cobren la tasa por dar una conferencia o seminario, en lugar de un taller cultural, que ser\u00eda m\u00e1s apropiado y econ\u00f3mico. Pero si seguimos leyendo hasta el art\u00edculo 9&#8230;<\/p>\n<p style=\"text-align: justify;\"><a href=\"https:\/\/democraciaactiva.eu\/wp-content\/uploads\/2015\/12\/Tasa-Salas1.jpg\"><img decoding=\"async\" loading=\"lazy\" class=\"aligncenter size-medium wp-image-1116\" src=\"https:\/\/democraciaactiva.eu\/wp-content\/uploads\/2015\/12\/Tasa-Salas1-300x268.jpg\" alt=\"Tasa Salas\" width=\"300\" height=\"268\" \/><\/a><\/p>\n<p style=\"text-align: justify;\">Efectivamente <strong>est\u00e1n exentos<\/strong>, adem\u00e1s de los partidos pol\u00edticos, las <strong>Asociaciones sin \u00e1nimo de lucro<\/strong>, como la ACE&#8230; \u00bfas\u00ed se informa desde la administraci\u00f3n a los ciudadanos?, \u00bfponiendo, una vez m\u00e1s, trabas a sus actividades? Pues por mucho cambio de gobierno no veo yo el cambio&#8230; siguen existiendo \u00ablos tuyos y los m\u00edos\u00bb, y <strong>el \u00abapartheid\u00bb pol\u00edtico a quien quiera que no aplauda a los gobernantes de turno<\/strong>.<\/p>\n<p style=\"text-align: justify;\">En caso de que este Ayuntamiento siga impidiendo el uso de salas a las asociaciones, recomendar\u00edamos que cualquiera de los partidos pol\u00edticos que se ofrezca solicite las salas. Como representantes p\u00fablicos ser\u00eda un acto a favor de la participaci\u00f3n ciudadana en un municipio marcado, como tantos otros desgraciadamente, por la <strong>pol\u00edtica de exclusi\u00f3n de sus gobernantes.<\/strong><\/p>\n","protected":false},"excerpt":{"rendered":"<div class=\"mh-excerpt\"><p>El pasado a\u00f1o el gobierno saliente neg\u00f3 una sala para celebrar Asambleas a nuestra compa\u00f1era en Sevilla, presidenta de\u00a0la Asociaci\u00f3n Ciudadanos de Espartinas, por motivos <a class=\"mh-excerpt-more\" href=\"https:\/\/democraciaactiva.eu\/?p=1113\" title=\"Nuevos casos de \u00abapartheid\u00bb pol\u00edtico en Espartinas.\">[&#8230;]<\/a><\/p>\n<\/div>","protected":false},"author":1,"featured_media":0,"comment_status":"closed","ping_status":"open","sticky":false,"template":"","format":"standard","meta":[],"categories":[6,8],"tags":[],"_links":{"self":[{"href":"https:\/\/democraciaactiva.eu\/index.php?rest_route=\/wp\/v2\/posts\/1113"}],"collection":[{"href":"https:\/\/democraciaactiva.eu\/index.php?rest_route=\/wp\/v2\/posts"}],"about":[{"href":"https:\/\/democraciaactiva.eu\/index.php?rest_route=\/wp\/v2\/types\/post"}],"author":[{"embeddable":true,"href":"https:\/\/democraciaactiva.eu\/index.php?rest_route=\/wp\/v2\/users\/1"}],"replies":[{"embeddable":true,"href":"https:\/\/democraciaactiva.eu\/index.php?rest_route=%2Fwp%2Fv2%2Fcomments&post=1113"}],"version-history":[{"count":0,"href":"https:\/\/democraciaactiva.eu\/index.php?rest_route=\/wp\/v2\/posts\/1113\/revisions"}],"wp:attachment":[{"href":"https:\/\/democraciaactiva.eu\/index.php?rest_route=%2Fwp%2Fv2%2Fmedia&parent=1113"}],"wp:term":[{"taxonomy":"category","embeddable":true,"href":"https:\/\/democraciaactiva.eu\/index.php?rest_route=%2Fwp%2Fv2%2Fcategories&post=1113"},{"taxonomy":"post_tag","embeddable":true,"href":"https:\/\/democraciaactiva.eu\/index.php?rest_route=%2Fwp%2Fv2%2Ftags&post=1113"}],"curies":[{"name":"wp","href":"https:\/\/api.w.org\/{rel}","templated":true}]}}