{"id":1104,"date":"2015-11-27T17:39:10","date_gmt":"2015-11-27T16:39:10","guid":{"rendered":"http:\/\/democraciaactiva.eu\/?p=1104"},"modified":"2015-11-27T17:39:10","modified_gmt":"2015-11-27T16:39:10","slug":"protocolos-de-proteccion-animal-en-la-administracion","status":"publish","type":"post","link":"https:\/\/democraciaactiva.eu\/?p=1104","title":{"rendered":"Protocolos de protecci\u00f3n animal en la administraci\u00f3n"},"content":{"rendered":"<p style=\"text-align: justify;\">Defensa Ciudadana Activa har\u00e1 un seguimiento de algunos expedientes abiertos por el Partido Animalista PACMA sobre <strong>incumplimientos de la Ley de Protecci\u00f3n Animal en Andaluc\u00eda.<\/strong><\/p>\n<p style=\"text-align: justify;\">Concretamente se tratar\u00e1 de establecer las <strong>competencias y coordinaci\u00f3n entre las distintas administraciones<\/strong> que deben velar por esta protecci\u00f3n, toda vez que la informaci\u00f3n disponible hasta el momento apunta a\u00a0que podr\u00eda existir un mal funcionamiento que hace in\u00fatil la colaboraci\u00f3n ciudadana.<\/p>\n<p style=\"text-align: justify;\">\u00abPrecisamente para que esta colaboraci\u00f3n sea \u00fatil, para que los ciudadanos se sientan respaldados por su administraci\u00f3n, entendemos necesaria una <strong>campa\u00f1a de formaci\u00f3n e informaci\u00f3n<\/strong> que llegue no s\u00f3lo a la ciudadan\u00eda, si no tambi\u00e9n y sobre todo a los funcionarios encargados de esas tareas que, al menos en los casos consultados, no parecen conocer c\u00f3mo actuar.\u00bb, indicaron desde DCA.<\/p>\n<p style=\"text-align: justify;\">Como inicio se estudiar\u00e1 la actuaci\u00f3n administrativa en dos casos del \u00faltimo a\u00f1o: el conocido como <a href=\"https:\/\/democraciaactiva.eu\/?p=653\" target=\"_blank\"><strong>\u00abCaso Pirata\u00bb<\/strong> <\/a>que mostr\u00f3\u00a0irregularidades en la retenci\u00f3n de animales en los servicios de inspecci\u00f3n fronteriza de Algeciras, y recientes casos de<strong> s\u00edndrome de No\u00e9<\/strong>, como el ocurrido en<a href=\"http:\/\/www.lavozdigital.es\/cadiz\/provincia\/lvdi-denuncian-maltrato-unos-50-perros-finca-sierra-san-cristobal-puerto-201511112111_noticia.html\" target=\"_blank\"> El Puerto de Santa Mar\u00eda<\/a>, donde una persona acumula m\u00e1s de 50 animales en un n\u00facleo zool\u00f3gico ilegal <strong>siendo aparentemente ineficaz la administraci\u00f3n para evitarlo.<\/strong><\/p>\n<p style=\"text-align: justify;\"><a href=\"https:\/\/democraciaactiva.eu\/wp-content\/uploads\/2015\/11\/Foto-Pirata-Cat.jpg\"><img decoding=\"async\" loading=\"lazy\" class=\"aligncenter size-medium wp-image-1106\" src=\"https:\/\/democraciaactiva.eu\/wp-content\/uploads\/2015\/11\/Foto-Pirata-Cat-169x300.jpg\" alt=\"Foto-Pirata-Cat\" width=\"169\" height=\"300\" \/><\/a><\/p>\n<p style=\"text-align: justify;\">Sobre el primero se tratar\u00e1 de completar el expediente tras la \u00faltima respuesta del Ayuntamiento de Algeciras, que al parecer confunde un posible <strong>n\u00facleo zool\u00f3gico ilegal<\/strong> que ven\u00eda siendo utilizado para cobrar los servicios de retenci\u00f3n con la protectora de El Rinconcillo. \u00abEsperamos que el Ayuntamiento de Algeciras aclare su confusi\u00f3n tras presentar documentaci\u00f3n m\u00e1s concisa. Adem\u00e1s se har\u00e1n las oportunas peticiones a la administraci\u00f3n estatal, responsable del <strong>PIF de Algeciras<\/strong>, para que aporte los datos necesarios al expediente\u00bb, informaron.<\/p>\n<p style=\"text-align: justify;\">Sobre el segundo, dado que se dispone de indicaciones sobre protocolo dadas por la <strong>Delegaci\u00f3n del Gobierno de la Junta de Andaluc\u00eda<\/strong>, se remitir\u00e1 solicitud a <strong>Polic\u00eda Local, SEPRONA, y Consejer\u00eda de Agricultura<\/strong>, de modo que aporten la informaci\u00f3n necesaria para elaborar el informe de actuaciones. En estos casos se ha comprobado que pese a las <strong>elevadas sanciones econ\u00f3micas por mantener animales sin registro en n\u00facleos zool\u00f3gicos ilegales<\/strong> no se act\u00faa suficientemente r\u00e1pido, y en muchos casos las sanciones tampoco son efectivas al ser los responsables insolventes, por lo que s\u00f3lo es cuesti\u00f3n de tiempo que se repita la historia.<\/p>\n<p style=\"text-align: justify;\">Adem\u00e1s de ello,\u00a0DCA recibi\u00f3 hace unos d\u00edas respuesta del <strong>Registro Andaluz de Identificaci\u00f3n Animal<\/strong>, dependiente del Consejo Andaluz de Colegios Oficiales de Veterinarios, que deber\u00e1 complementarse con la informaci\u00f3n necesaria para comprender c\u00f3mo son posibles ciertos casos que van apareciendo. No es l\u00f3gico, a juicio de la Asociaci\u00f3n, que en pleno siglo XXI con el nivel de automatizaci\u00f3n que pueden alcanzar los procedimientos, existan <strong>asombrosos niveles de descuadre entre unos registros y otros.<\/strong><\/p>\n","protected":false},"excerpt":{"rendered":"<div class=\"mh-excerpt\"><p>Defensa Ciudadana Activa har\u00e1 un seguimiento de algunos expedientes abiertos por el Partido Animalista PACMA sobre incumplimientos de la Ley de Protecci\u00f3n Animal en Andaluc\u00eda. <a class=\"mh-excerpt-more\" href=\"https:\/\/democraciaactiva.eu\/?p=1104\" title=\"Protocolos de protecci\u00f3n animal en la administraci\u00f3n\">[&#8230;]<\/a><\/p>\n<\/div>","protected":false},"author":1,"featured_media":0,"comment_status":"closed","ping_status":"open","sticky":false,"template":"","format":"standard","meta":[],"categories":[5,14],"tags":[45,47,50],"_links":{"self":[{"href":"https:\/\/democraciaactiva.eu\/index.php?rest_route=\/wp\/v2\/posts\/1104"}],"collection":[{"href":"https:\/\/democraciaactiva.eu\/index.php?rest_route=\/wp\/v2\/posts"}],"about":[{"href":"https:\/\/democraciaactiva.eu\/index.php?rest_route=\/wp\/v2\/types\/post"}],"author":[{"embeddable":true,"href":"https:\/\/democraciaactiva.eu\/index.php?rest_route=\/wp\/v2\/users\/1"}],"replies":[{"embeddable":true,"href":"https:\/\/democraciaactiva.eu\/index.php?rest_route=%2Fwp%2Fv2%2Fcomments&post=1104"}],"version-history":[{"count":0,"href":"https:\/\/democraciaactiva.eu\/index.php?rest_route=\/wp\/v2\/posts\/1104\/revisions"}],"wp:attachment":[{"href":"https:\/\/democraciaactiva.eu\/index.php?rest_route=%2Fwp%2Fv2%2Fmedia&parent=1104"}],"wp:term":[{"taxonomy":"category","embeddable":true,"href":"https:\/\/democraciaactiva.eu\/index.php?rest_route=%2Fwp%2Fv2%2Fcategories&post=1104"},{"taxonomy":"post_tag","embeddable":true,"href":"https:\/\/democraciaactiva.eu\/index.php?rest_route=%2Fwp%2Fv2%2Ftags&post=1104"}],"curies":[{"name":"wp","href":"https:\/\/api.w.org\/{rel}","templated":true}]}}