{"id":1092,"date":"2015-11-19T13:18:48","date_gmt":"2015-11-19T12:18:48","guid":{"rendered":"http:\/\/democraciaactiva.eu\/?p=1092"},"modified":"2015-11-19T13:18:48","modified_gmt":"2015-11-19T12:18:48","slug":"granada-modifica-finalmente-la-calle-loma-de-dilar","status":"publish","type":"post","link":"https:\/\/democraciaactiva.eu\/?p=1092","title":{"rendered":"Granada modifica finalmente la calle Loma de D\u00edlar"},"content":{"rendered":"<p style=\"text-align: justify;\">Tras recibir del Ayuntamiento de Granada informe sobre la titularidad de la calle Loma de D\u00edlar, que como indicamos no compartimos y, sobre todo, <strong>no nos parec\u00eda relevante para la soluci\u00f3n del problema<\/strong> en cuesti\u00f3n, <strong>el servicio de protecci\u00f3n ciudadana y movilidad ha emitido nuevo informe con actuaciones.<\/strong><\/p>\n<p style=\"text-align: justify;\"><a href=\"https:\/\/democraciaactiva.eu\/wp-content\/uploads\/2015\/11\/E15260-1.jpg\"><img decoding=\"async\" loading=\"lazy\" class=\"aligncenter size-medium wp-image-1094\" src=\"https:\/\/democraciaactiva.eu\/wp-content\/uploads\/2015\/11\/E15260-1-231x300.jpg\" alt=\"E15260-1\" width=\"231\" height=\"300\" \/><\/a><\/p>\n<p style=\"text-align: justify;\">Seg\u00fan este informe, la v\u00eda ha sido revisada y se ha procedido a realizar cambios que <strong>mejoran notablemente su accesibilidad<\/strong>. Quedan pendientes peque\u00f1os detalles, como rebajar el acerado para que no suponga un escal\u00f3n con la zona que lo separa de los veh\u00edculos pudiendo aprovechar el m\u00e1ximo de anchura.<\/p>\n<p style=\"text-align: justify;\"><a href=\"https:\/\/democraciaactiva.eu\/wp-content\/uploads\/2015\/11\/E15260-2.jpg\"><img decoding=\"async\" loading=\"lazy\" class=\"aligncenter size-medium wp-image-1095\" src=\"https:\/\/democraciaactiva.eu\/wp-content\/uploads\/2015\/11\/E15260-2-220x300.jpg\" alt=\"E15260-2\" width=\"220\" height=\"300\" \/><\/a><\/p>\n<p style=\"text-align: justify;\"><strong>Resaltamos por tanto la labor de los funcionarios de este servicio<\/strong> que finalmente se ha hecho cargo de las deficiencias, solucionando un grave problema de acceso a las viviendas que varios ciudadanos ven\u00edan padeciendo desde hace a\u00f1os.<\/p>\n<p style=\"text-align: justify;\">El cambio entre la situaci\u00f3n anterior y la actual, pese a los detalles pendientes, es m\u00e1s que evidente, dejando libre espacio para el tr\u00e1nsito peatonal.<\/p>\n<p style=\"text-align: justify;\"><a href=\"https:\/\/democraciaactiva.eu\/wp-content\/uploads\/2015\/11\/Loma-de-Dilar-antes.jpg\"><img decoding=\"async\" loading=\"lazy\" class=\"aligncenter size-medium wp-image-1096\" src=\"https:\/\/democraciaactiva.eu\/wp-content\/uploads\/2015\/11\/Loma-de-Dilar-antes-300x225.jpg\" alt=\"Loma de Dilar antes\" width=\"300\" height=\"225\" \/><\/a><a href=\"https:\/\/democraciaactiva.eu\/wp-content\/uploads\/2015\/11\/Loma-de-Dilar-ahora.jpg\"><img decoding=\"async\" loading=\"lazy\" class=\"aligncenter size-medium wp-image-1097\" src=\"https:\/\/democraciaactiva.eu\/wp-content\/uploads\/2015\/11\/Loma-de-Dilar-ahora-300x225.jpg\" alt=\"Loma de Dilar ahora\" width=\"300\" height=\"225\" \/><\/a><\/p>\n<p style=\"text-align: justify;\">Una vez m\u00e1s, se trata de un problema que los afectados ven\u00edan padeciendo desde hace a\u00f1os, por lo que debemos insistir en\u00a0una norma b\u00e1sica para cualquier actuaci\u00f3n ciudadana:<strong> cualquier\u00a0solicitud se debe realizar por escrito y cualquier respuesta debe venir igualmente por escrito.<\/strong><\/p>\n<p>&nbsp; <\/p>\n","protected":false},"excerpt":{"rendered":"<div class=\"mh-excerpt\"><p>Tras recibir del Ayuntamiento de Granada informe sobre la titularidad de la calle Loma de D\u00edlar, que como indicamos no compartimos y, sobre todo, no <a class=\"mh-excerpt-more\" href=\"https:\/\/democraciaactiva.eu\/?p=1092\" title=\"Granada modifica finalmente la calle Loma de D\u00edlar\">[&#8230;]<\/a><\/p>\n<\/div>","protected":false},"author":1,"featured_media":0,"comment_status":"closed","ping_status":"open","sticky":false,"template":"","format":"standard","meta":[],"categories":[3,5,8],"tags":[],"_links":{"self":[{"href":"https:\/\/democraciaactiva.eu\/index.php?rest_route=\/wp\/v2\/posts\/1092"}],"collection":[{"href":"https:\/\/democraciaactiva.eu\/index.php?rest_route=\/wp\/v2\/posts"}],"about":[{"href":"https:\/\/democraciaactiva.eu\/index.php?rest_route=\/wp\/v2\/types\/post"}],"author":[{"embeddable":true,"href":"https:\/\/democraciaactiva.eu\/index.php?rest_route=\/wp\/v2\/users\/1"}],"replies":[{"embeddable":true,"href":"https:\/\/democraciaactiva.eu\/index.php?rest_route=%2Fwp%2Fv2%2Fcomments&post=1092"}],"version-history":[{"count":0,"href":"https:\/\/democraciaactiva.eu\/index.php?rest_route=\/wp\/v2\/posts\/1092\/revisions"}],"wp:attachment":[{"href":"https:\/\/democraciaactiva.eu\/index.php?rest_route=%2Fwp%2Fv2%2Fmedia&parent=1092"}],"wp:term":[{"taxonomy":"category","embeddable":true,"href":"https:\/\/democraciaactiva.eu\/index.php?rest_route=%2Fwp%2Fv2%2Fcategories&post=1092"},{"taxonomy":"post_tag","embeddable":true,"href":"https:\/\/democraciaactiva.eu\/index.php?rest_route=%2Fwp%2Fv2%2Ftags&post=1092"}],"curies":[{"name":"wp","href":"https:\/\/api.w.org\/{rel}","templated":true}]}}