{"id":1086,"date":"2015-11-11T11:55:41","date_gmt":"2015-11-11T10:55:41","guid":{"rendered":"http:\/\/democraciaactiva.eu\/?p=1086"},"modified":"2015-11-11T11:55:41","modified_gmt":"2015-11-11T10:55:41","slug":"la-sevilla-cultural-tambien-con-pasion-por-el-escalon","status":"publish","type":"post","link":"https:\/\/democraciaactiva.eu\/?p=1086","title":{"rendered":"La Sevilla cultural, tambi\u00e9n con pasi\u00f3n por el escal\u00f3n"},"content":{"rendered":"<p style=\"text-align: justify;\">Esta ma\u00f1ana hemos recibido respuesta a un expediente que arrastramos desde hace un a\u00f1o sobre <strong>Metrosol Parasol, en Sevilla, popularmente conocido como \u00abLas Setas\u00bb.<\/strong><\/p>\n<p style=\"text-align: justify;\"><a href=\"https:\/\/democraciaactiva.eu\/wp-content\/uploads\/2015\/11\/Parasol.jpg\"><img decoding=\"async\" loading=\"lazy\" class=\"aligncenter size-medium wp-image-1087\" src=\"https:\/\/democraciaactiva.eu\/wp-content\/uploads\/2015\/11\/Parasol-300x87.jpg\" alt=\"Parasol\" width=\"300\" height=\"87\" \/><\/a><\/p>\n<p style=\"text-align: justify;\">Esta construcci\u00f3n, que ha costado a los ciudadanos sobre<strong> 86 millones de euros<\/strong>, tiene un ascensor para subir arriba y cuando llegas te encuentras que todo el recorrido est\u00e1 construido con escalones. Podr\u00edan haber hecho una rampa suave, o varias con descansos, o lo que se les ocurriera, pero no, pusieron escalones bien marcados como si fueramos andando por una f\u00e1brica.<\/p>\n<p style=\"text-align: justify;\">Al ser de finalizaci\u00f3n reciente consultamos por la aplicaci\u00f3n del Decreto 293\/2009, y la administraci\u00f3n nos contesta que se aprob\u00f3 el proyecto antes, en 2.005, y no era de aplicaci\u00f3n a\u00fan. Que adem\u00e1s se marca un periodo de adaptaci\u00f3n hasta el 2.017, por lo que se realizar\u00e1n las reformas oportunas&#8230;<\/p>\n<p style=\"text-align: justify;\"><a href=\"https:\/\/democraciaactiva.eu\/wp-content\/uploads\/2015\/11\/E15258-1.jpg\"><img decoding=\"async\" loading=\"lazy\" class=\"aligncenter size-medium wp-image-1089\" src=\"https:\/\/democraciaactiva.eu\/wp-content\/uploads\/2015\/11\/E15258-1-204x300.jpg\" alt=\"E15258-1\" width=\"204\" height=\"300\" \/><\/a><a href=\"https:\/\/democraciaactiva.eu\/wp-content\/uploads\/2015\/11\/E15258-2.jpg\"><img decoding=\"async\" loading=\"lazy\" class=\"aligncenter size-medium wp-image-1088\" src=\"https:\/\/democraciaactiva.eu\/wp-content\/uploads\/2015\/11\/E15258-2-218x300.jpg\" alt=\"E15258-2\" width=\"218\" height=\"300\" \/><\/a><\/p>\n<p style=\"text-align: justify;\">Y tras leer esto lo primero que nos preguntamos es&#8230; vale, no pod\u00edais conocer el Decreto de 2.009 en esa fecha, pero <strong>\u00bfqu\u00e9 pasa con el del a\u00f1o 1.992 que estaba en vigor?<\/strong> <strong>El resultado de la millonaria construcci\u00f3n del siglo XXI es un edificio inaccesible que no saben a\u00fan ni c\u00f3mo ni cu\u00e1nto costar\u00e1 adaptarlo<\/strong>, y nos tememos que ni lo hagan con cualquier nueva excusa. Evidentemente se solicitar\u00e1 una aclaraci\u00f3n sobre la aplicaci\u00f3n de esta norma as\u00ed como copia de los documentos que se refieran a la accesibilidad del edificio.<\/p>\n<p style=\"text-align: justify;\">Una vez m\u00e1s, una ciudad nos demuestra su <strong>pasi\u00f3n por el escal\u00f3n<\/strong> tirando nuestros impuestos para lujo de unos cuantos. Sres. pol\u00edticos, t\u00e9cnicos y resto de implicados en las obras p\u00fablicas, <strong>o piensan en todos, o ded\u00edquense a reformar el jard\u00edn de su casa, que ah\u00ed no les pediremos accesibilidad.<\/strong><\/p>\n","protected":false},"excerpt":{"rendered":"<div class=\"mh-excerpt\"><p>Esta ma\u00f1ana hemos recibido respuesta a un expediente que arrastramos desde hace un a\u00f1o sobre Metrosol Parasol, en Sevilla, popularmente conocido como \u00abLas Setas\u00bb. Esta <a class=\"mh-excerpt-more\" href=\"https:\/\/democraciaactiva.eu\/?p=1086\" title=\"La Sevilla cultural, tambi\u00e9n con pasi\u00f3n por el escal\u00f3n\">[&#8230;]<\/a><\/p>\n<\/div>","protected":false},"author":1,"featured_media":0,"comment_status":"closed","ping_status":"open","sticky":false,"template":"","format":"standard","meta":[],"categories":[3,5],"tags":[22,42,56],"_links":{"self":[{"href":"https:\/\/democraciaactiva.eu\/index.php?rest_route=\/wp\/v2\/posts\/1086"}],"collection":[{"href":"https:\/\/democraciaactiva.eu\/index.php?rest_route=\/wp\/v2\/posts"}],"about":[{"href":"https:\/\/democraciaactiva.eu\/index.php?rest_route=\/wp\/v2\/types\/post"}],"author":[{"embeddable":true,"href":"https:\/\/democraciaactiva.eu\/index.php?rest_route=\/wp\/v2\/users\/1"}],"replies":[{"embeddable":true,"href":"https:\/\/democraciaactiva.eu\/index.php?rest_route=%2Fwp%2Fv2%2Fcomments&post=1086"}],"version-history":[{"count":0,"href":"https:\/\/democraciaactiva.eu\/index.php?rest_route=\/wp\/v2\/posts\/1086\/revisions"}],"wp:attachment":[{"href":"https:\/\/democraciaactiva.eu\/index.php?rest_route=%2Fwp%2Fv2%2Fmedia&parent=1086"}],"wp:term":[{"taxonomy":"category","embeddable":true,"href":"https:\/\/democraciaactiva.eu\/index.php?rest_route=%2Fwp%2Fv2%2Fcategories&post=1086"},{"taxonomy":"post_tag","embeddable":true,"href":"https:\/\/democraciaactiva.eu\/index.php?rest_route=%2Fwp%2Fv2%2Ftags&post=1086"}],"curies":[{"name":"wp","href":"https:\/\/api.w.org\/{rel}","templated":true}]}}