{"id":1079,"date":"2015-11-09T13:39:45","date_gmt":"2015-11-09T12:39:45","guid":{"rendered":"http:\/\/democraciaactiva.eu\/?p=1079"},"modified":"2015-11-09T13:39:45","modified_gmt":"2015-11-09T12:39:45","slug":"granada-niega-que-loma-de-dilar-sea-de-su-competencia","status":"publish","type":"post","link":"https:\/\/democraciaactiva.eu\/?p=1079","title":{"rendered":"Granada niega que Loma de D\u00edlar sea de su competencia."},"content":{"rendered":"<p style=\"text-align: justify;\">El mes pasado se recibi\u00f3 contestaci\u00f3n a las peticiones de informaci\u00f3n realizadas sobre la situaci\u00f3n de la calle Loma de D\u00edlar, en Granada, cuya situaci\u00f3n\u00a0impide el normal acceso de los ciudadanos a sus viviendas si necesitas silla de ruedas.<\/p>\n<p style=\"text-align: justify;\"><a href=\"https:\/\/democraciaactiva.eu\/wp-content\/uploads\/2015\/11\/E15252.jpg\"><img decoding=\"async\" loading=\"lazy\" class=\"aligncenter size-medium wp-image-1084\" src=\"https:\/\/democraciaactiva.eu\/wp-content\/uploads\/2015\/11\/E15252-214x300.jpg\" alt=\"E15252\" width=\"214\" height=\"300\" \/><\/a><\/p>\n<p style=\"text-align: justify;\">De la contestaci\u00f3n de la administraci\u00f3n local sacamos dos conclusiones:<\/p>\n<p style=\"text-align: justify;\">1.- Que nos remite una respuesta tipo que a\u00fan requiere explicaci\u00f3n, ya que es copia de la enviada en su d\u00eda a una asociaci\u00f3n local, insistiendo en que es una calle privada, pero s<strong>eg\u00fan Catastro s\u00f3lo es privado parte del acerado, que resulta claramente insuficiente si el Ayuntamiento no construye un trozo de acerado en la zona de su titularidad<\/strong>.<br \/>\n<a href=\"https:\/\/democraciaactiva.eu\/wp-content\/uploads\/2015\/11\/Catastro-Loma-de-Dilar-98.jpg\"><img decoding=\"async\" loading=\"lazy\" class=\"aligncenter size-medium wp-image-1083\" src=\"https:\/\/democraciaactiva.eu\/wp-content\/uploads\/2015\/11\/Catastro-Loma-de-Dilar-98-224x300.jpg\" alt=\"Catastro Loma de Dilar 98\" width=\"224\" height=\"300\" \/><\/a><\/p>\n<p style=\"text-align: justify;\">2.- Que los procedimientos de\u00a0informaci\u00f3n del Ayuntamiento de Granada vulneran la Ley de Protecci\u00f3n de Datos, ya que <strong>nos env\u00edan directamente y sin ning\u00fan tipo de filtro, los datos personales completos de la presidenta de la\u00a0Comunidad de Propietarios del n\u00ba 98 de esa calle<\/strong>, por lo que procederemos a ponerlo en conocimiento de la AGPD a los efectos oportunos.<\/p>\n<p style=\"text-align: justify;\">De este modo al parecer el Ayuntamiento pretende cargar en los ciudadanos la responsabilidad de que sus edificios sean accesibles, cuando, <strong>ya sea en suelo p\u00fablico o privado, es la administraci\u00f3n quien debe velar por el cumplimiento de la normativa en vigor para evitar situaciones como \u00e9sta, en la que por la escasa anchura del acerado y la invasi\u00f3n de \u00e9ste por los veh\u00edculos, resulta claramente inaccesible.<\/strong><\/p>\n<p style=\"text-align: justify;\"><strong><a href=\"https:\/\/democraciaactiva.eu\/wp-content\/uploads\/2015\/11\/Silla1.jpg\"><img decoding=\"async\" loading=\"lazy\" class=\"aligncenter size-medium wp-image-1082\" src=\"https:\/\/democraciaactiva.eu\/wp-content\/uploads\/2015\/11\/Silla1-300x225.jpg\" alt=\"Silla1\" width=\"300\" height=\"225\" \/><\/a><\/strong><\/p>\n<p style=\"text-align: justify;\">Esperamos que los t\u00e9cnicos nos remitan la pr\u00f3xima vez respuesta a nuestras peticiones, y no copias de las remitidas a otros ciudadanos o colectivos, adem\u00e1s de explicar <strong>por qu\u00e9 en la zona de suelo p\u00fablico no se ha previsto el acerado de dimensiones correctas para permitir el acceso a todos los ciudadanos.<\/strong><\/p>\n","protected":false},"excerpt":{"rendered":"<div class=\"mh-excerpt\"><p>El mes pasado se recibi\u00f3 contestaci\u00f3n a las peticiones de informaci\u00f3n realizadas sobre la situaci\u00f3n de la calle Loma de D\u00edlar, en Granada, cuya situaci\u00f3n\u00a0impide <a class=\"mh-excerpt-more\" href=\"https:\/\/democraciaactiva.eu\/?p=1079\" title=\"Granada niega que Loma de D\u00edlar sea de su competencia.\">[&#8230;]<\/a><\/p>\n<\/div>","protected":false},"author":1,"featured_media":0,"comment_status":"closed","ping_status":"open","sticky":false,"template":"","format":"standard","meta":[],"categories":[3],"tags":[22,38,60],"_links":{"self":[{"href":"https:\/\/democraciaactiva.eu\/index.php?rest_route=\/wp\/v2\/posts\/1079"}],"collection":[{"href":"https:\/\/democraciaactiva.eu\/index.php?rest_route=\/wp\/v2\/posts"}],"about":[{"href":"https:\/\/democraciaactiva.eu\/index.php?rest_route=\/wp\/v2\/types\/post"}],"author":[{"embeddable":true,"href":"https:\/\/democraciaactiva.eu\/index.php?rest_route=\/wp\/v2\/users\/1"}],"replies":[{"embeddable":true,"href":"https:\/\/democraciaactiva.eu\/index.php?rest_route=%2Fwp%2Fv2%2Fcomments&post=1079"}],"version-history":[{"count":0,"href":"https:\/\/democraciaactiva.eu\/index.php?rest_route=\/wp\/v2\/posts\/1079\/revisions"}],"wp:attachment":[{"href":"https:\/\/democraciaactiva.eu\/index.php?rest_route=%2Fwp%2Fv2%2Fmedia&parent=1079"}],"wp:term":[{"taxonomy":"category","embeddable":true,"href":"https:\/\/democraciaactiva.eu\/index.php?rest_route=%2Fwp%2Fv2%2Fcategories&post=1079"},{"taxonomy":"post_tag","embeddable":true,"href":"https:\/\/democraciaactiva.eu\/index.php?rest_route=%2Fwp%2Fv2%2Ftags&post=1079"}],"curies":[{"name":"wp","href":"https:\/\/api.w.org\/{rel}","templated":true}]}}