{"id":1074,"date":"2015-11-05T14:04:58","date_gmt":"2015-11-05T13:04:58","guid":{"rendered":"http:\/\/democraciaactiva.eu\/?p=1074"},"modified":"2015-11-05T14:04:58","modified_gmt":"2015-11-05T13:04:58","slug":"cota-cero-pide-informacion-sobre-las-reformas-de-paniagua","status":"publish","type":"post","link":"https:\/\/democraciaactiva.eu\/?p=1074","title":{"rendered":"Cota Cero pide informaci\u00f3n sobre las reformas de Paniagua."},"content":{"rendered":"<p style=\"text-align: justify;\">La Asociaci\u00f3n de \u00e1mbito nacional Cota Cero, para la promoci\u00f3n y defensa de la accesibilidad, ha solicitado informaci\u00f3n al Ayuntamiento de San Roque sobre la <strong>reciente reforma del Centro Comercial Paniagua, en la urbanizaci\u00f3n de Sotogrande<\/strong>.<\/p>\n<figure id=\"attachment_1075\" aria-describedby=\"caption-attachment-1075\" style=\"width: 225px\" class=\"wp-caption aligncenter\"><a href=\"https:\/\/democraciaactiva.eu\/wp-content\/uploads\/2015\/11\/Paniagua-2.014.jpg\" target=\"_blank\"><img decoding=\"async\" loading=\"lazy\" class=\"wp-image-1075 size-medium\" src=\"https:\/\/democraciaactiva.eu\/wp-content\/uploads\/2015\/11\/Paniagua-2.014-225x300.jpg\" alt=\"Paniagua 2.014\" width=\"225\" height=\"300\" \/><\/a><figcaption id=\"caption-attachment-1075\" class=\"wp-caption-text\">Estado del acceso en 2.014<\/figcaption><\/figure>\n<p style=\"text-align: justify;\">Esta consulta se produce tras observar que, probablemente debido a quejas anteriores por el enorme problema de accesibilidad que presenta el centro comercial, se han realizado reformas recientemente eliminando la \u00fanica rampa existente, aunque impracticable, de la entrada posterior.<\/p>\n<figure id=\"attachment_1076\" aria-describedby=\"caption-attachment-1076\" style=\"width: 225px\" class=\"wp-caption aligncenter\"><a href=\"https:\/\/democraciaactiva.eu\/wp-content\/uploads\/2015\/11\/Paniagua-estado-actual_resize.jpg\" target=\"_blank\"><img decoding=\"async\" loading=\"lazy\" class=\"wp-image-1076 size-medium\" src=\"https:\/\/democraciaactiva.eu\/wp-content\/uploads\/2015\/11\/Paniagua-estado-actual_resize-225x300.jpg\" alt=\"Paniagua estado actual_resize\" width=\"225\" height=\"300\" \/><\/a><figcaption id=\"caption-attachment-1076\" class=\"wp-caption-text\">Estado actual tras la reforma<\/figcaption><\/figure>\n<p style=\"text-align: justify;\">\u201c<strong>Continuamos con los mismos problemas de accesibilidad, ya que la rampa construida no serv\u00eda, ni mucho menos, para ser utilizada por un usuario de silla de ruedas, y al eliminarla recientemente ya queda descartada cualquier posibilidad de acceso<\/strong>\u201d, criticaron.<\/p>\n<p style=\"text-align: justify;\">En su petici\u00f3n, Cota Cero espera conocer el expediente de reforma autorizado para <strong>entender el criterio t\u00e9cnico seguido, as\u00ed como el grado de accesibilidad<\/strong> y previsiones que tenga el consistorio sobre la zona.<a href=\"https:\/\/democraciaactiva.eu\/wp-content\/uploads\/2015\/11\/CotaCeroPaniagua.jpg\"><img decoding=\"async\" loading=\"lazy\" class=\"aligncenter size-medium wp-image-1077\" src=\"https:\/\/democraciaactiva.eu\/wp-content\/uploads\/2015\/11\/CotaCeroPaniagua-205x300.jpg\" alt=\"CotaCeroPaniagua\" width=\"205\" height=\"300\" \/><\/a><\/p>\n<p style=\"text-align: justify;\">Esta zona comercial resulta actualmente inaccesible para usuarios en silla de ruedas, ya que no cuenta con ascensor, todas las entradas disponen de escaleras, e incluso en los propios pasillos interiores la accesibilidad se encuentra limitada por m\u00e1s escalones, de modo que ha sido motivo de consulta por distintos colectivos y ciudadanos ante la administraci\u00f3n local.<\/p>\n","protected":false},"excerpt":{"rendered":"<div class=\"mh-excerpt\"><p>La Asociaci\u00f3n de \u00e1mbito nacional Cota Cero, para la promoci\u00f3n y defensa de la accesibilidad, ha solicitado informaci\u00f3n al Ayuntamiento de San Roque sobre la <a class=\"mh-excerpt-more\" href=\"https:\/\/democraciaactiva.eu\/?p=1074\" title=\"Cota Cero pide informaci\u00f3n sobre las reformas de Paniagua.\">[&#8230;]<\/a><\/p>\n<\/div>","protected":false},"author":1,"featured_media":0,"comment_status":"closed","ping_status":"open","sticky":false,"template":"","format":"standard","meta":[],"categories":[3,5,8],"tags":[],"_links":{"self":[{"href":"https:\/\/democraciaactiva.eu\/index.php?rest_route=\/wp\/v2\/posts\/1074"}],"collection":[{"href":"https:\/\/democraciaactiva.eu\/index.php?rest_route=\/wp\/v2\/posts"}],"about":[{"href":"https:\/\/democraciaactiva.eu\/index.php?rest_route=\/wp\/v2\/types\/post"}],"author":[{"embeddable":true,"href":"https:\/\/democraciaactiva.eu\/index.php?rest_route=\/wp\/v2\/users\/1"}],"replies":[{"embeddable":true,"href":"https:\/\/democraciaactiva.eu\/index.php?rest_route=%2Fwp%2Fv2%2Fcomments&post=1074"}],"version-history":[{"count":0,"href":"https:\/\/democraciaactiva.eu\/index.php?rest_route=\/wp\/v2\/posts\/1074\/revisions"}],"wp:attachment":[{"href":"https:\/\/democraciaactiva.eu\/index.php?rest_route=%2Fwp%2Fv2%2Fmedia&parent=1074"}],"wp:term":[{"taxonomy":"category","embeddable":true,"href":"https:\/\/democraciaactiva.eu\/index.php?rest_route=%2Fwp%2Fv2%2Fcategories&post=1074"},{"taxonomy":"post_tag","embeddable":true,"href":"https:\/\/democraciaactiva.eu\/index.php?rest_route=%2Fwp%2Fv2%2Ftags&post=1074"}],"curies":[{"name":"wp","href":"https:\/\/api.w.org\/{rel}","templated":true}]}}