{"id":1068,"date":"2015-10-25T11:40:28","date_gmt":"2015-10-25T10:40:28","guid":{"rendered":"http:\/\/democraciaactiva.eu\/?p=1068"},"modified":"2015-10-25T11:40:28","modified_gmt":"2015-10-25T10:40:28","slug":"torrelodones-ejemplo-a-seguir","status":"publish","type":"post","link":"https:\/\/democraciaactiva.eu\/?p=1068","title":{"rendered":"Torrelodones, \u00bfejemplo a seguir?"},"content":{"rendered":"<p style=\"text-align: justify;\">Torrelodones ha sido expuesto en numerosas ocasiones como ejemplo de municipio gobernado por sus vecinos, con apariciones en medios de comunicaci\u00f3n y una actividad de publicidad activa en las redes sociales importante.<\/p>\n<p style=\"text-align: justify;\">En primer lugar destacar que, por lo que hemos conocido de su Ayuntamiento, <strong>tiene un importante despliegue de publicidad activa sin manipular (como la publicaci\u00f3n en video de las sesiones plenarias, documentaci\u00f3n de los proyectos de obras, etc.), siendo muy de agradecer y entendemos que un ejemplo a imitar -si se atreven- por el resto de Ayuntamientos que pagan costosos equipo de propaganda municipal s\u00f3lo para sacar la foto diaria del concejal de turno<\/strong>.<\/p>\n<p style=\"text-align: justify;\">Dicho esto, cuando nos llega informaci\u00f3n de cuestiones mejorables, como es l\u00f3gico no recibe ning\u00fan tratamiento especial y se inicia el mismo\u00a0protocolo informativo que para todas las administraciones.<\/p>\n<p style=\"text-align: justify;\">\u00bfQu\u00e9 respuesta obtenemos entonces? Pues <strong>sorprendentemente muy parecida a la del resto de administraciones gobernadas por los \u00abpartidos de siempre\u00bb.<\/strong><\/p>\n<p style=\"text-align: justify;\">En el caso que vamos a exponer se solicit\u00f3 informaci\u00f3n sobre una peque\u00f1a plaza recientemente remodelada, que aunque hab\u00eda ganado en accesibilidad en los alrededores, hab\u00eda quedado inaccesible para sillas de ruedas, por ejemplo. Adem\u00e1s aprovechamos la ocasi\u00f3n para preguntar por el n\u00famero de plazas reservadas para personas con movilidad reducida que observamos menor de la reglamentaria.<\/p>\n<p style=\"text-align: justify;\">La primera respuesta fue r\u00e1pida, en apenas unos d\u00edas por correo electr\u00f3nico, por parte suponemos de alg\u00fan responsable que recibi\u00f3 nuestro escrito (punto positivo para Torrelodones). Aunque este Ayuntamiento\u00a0dispone de sede virtual y permite la recepci\u00f3n de escritos, no hemos encontrado d\u00f3nde obtener copia sellada de lo que presentamos, por lo que resulta poco \u00fatil y, salvo error por nuestra parte, no cumple la normativa.<\/p>\n<p style=\"text-align: justify;\">La \u00abr\u00e1pida respuesta\u00bb era simplemente un link donde estaba el proyecto de la obra&#8230; que ya hab\u00edamos consultado y no hablaba del motivo por el que la plaza qued\u00f3 inaccesible, as\u00ed que insistimos&#8230; <strong>\u00bfpor qu\u00e9 no se puede acceder en silla de ruedas?&#8230;<\/strong><\/p>\n<p style=\"text-align: justify;\">Segunda respuesta: \u00abPara m\u00e1s informaci\u00f3n <strong>pasen ustedes por aqu\u00ed de 9 a 14 horas\u00bb, la t\u00edpica respuesta que te encuentras en cualquier Ayuntamiento (punto negativo para Torrelodones)<\/strong>. Como no nos ven\u00eda bien hacer <strong>660 kms.<\/strong> para preguntar esa ma\u00f1ana, pedimos contestaci\u00f3n por escrito, y unos d\u00edas m\u00e1s tarde un amable t\u00e9cnico nos envi\u00f3 otro correo electr\u00f3nico.<\/p>\n<p style=\"text-align: justify;\">En su respuesta el t\u00e9cnico indicaba que <strong>no est\u00e1n obligados a hacer accesibles todos los espacios, s\u00f3lo un porcentaje de ellos<\/strong>, y nos remit\u00eda a otro lugar a unos 40 metros si no se pod\u00eda acceder a ese&#8230; \u00a0eso s\u00ed,<strong> ni un s\u00f3lo art\u00edculo o norma en la que se basara para permitir ese \u00abporcentaje de inaccesibilidad\u00bb (punto gordo negativo para Torrelodones).<\/strong><\/p>\n<p style=\"text-align: justify;\"><a href=\"https:\/\/democraciaactiva.eu\/wp-content\/uploads\/2015\/10\/Torrelodones-plus.png\"><img decoding=\"async\" loading=\"lazy\" class=\"aligncenter size-medium wp-image-1070\" src=\"https:\/\/democraciaactiva.eu\/wp-content\/uploads\/2015\/10\/Torrelodones-plus-300x266.png\" alt=\"Torrelodones plus\" width=\"300\" height=\"266\" \/><\/a><\/p>\n<p style=\"text-align: justify;\">Adem\u00e1s, sobre el n\u00famero de PMR nos dice que las calles por las que preguntamos forman parte del centro de Torrelodones, que podemos contar las plazas con las nuevas tecnolog\u00edas (suponemos que se refiere al desactualizado Google Maps) y que ellos no lo saben&#8230; (punto negativo m\u00e1s gordo a\u00fan para Torrelodones por continuar el escaqueo).<\/p>\n<p style=\"text-align: justify;\">De este modo, hemos reiterado la\u00a0consulta sobre la normativa que les permite dejar inaccesible cierto porcentaje de espacios p\u00fablicos, as\u00ed como qu\u00e9 calles componen ese \u00abcentro de Torrelodones\u00bb, y n\u00famero de PMR en \u00e9l. <strong>Es un dato estad\u00edstico que si no tienen deber\u00edan, porque resulta imposible que sepan si cumplen las normas sin esos par\u00e1metros<\/strong>.<\/p>\n<p style=\"text-align: justify;\">Por tanto, a la espera de la siguiente respuesta, de momento el marcador est\u00e1 muy negativo para Torrelodones. Tal vez no m\u00e1s que el que tendr\u00eda cualquier otro Ayuntamiento, pero nos sirve para demostrar que en la administraci\u00f3n <strong>no hay grandes diferencias independientemente de las letras que gobiernen. Al final las respuestas que obtiene el ciudadano a poco que rasque son muy similares.<\/strong><\/p>\n<p style=\"text-align: justify;\">Por \u00faltimo, nuestra \u00absoluci\u00f3n\u00bb al problema, pensamos que era tan simple como no haber alargado tanto el\u00a0banco de hormig\u00f3n construido en la reforma que hubiera permitido a una silla de ruedas acceder a la peque\u00f1a plaza&#8230; <strong>\u00bftanto les costaba pensar en todos antes de gastar nuestros impuestos?<\/strong><\/p>\n<p style=\"text-align: justify;\"><strong><a href=\"https:\/\/democraciaactiva.eu\/wp-content\/uploads\/2015\/10\/Torrelodones-Propuesta_resize.png\"><img decoding=\"async\" loading=\"lazy\" class=\"aligncenter size-medium wp-image-1071\" src=\"https:\/\/democraciaactiva.eu\/wp-content\/uploads\/2015\/10\/Torrelodones-Propuesta_resize-232x300.png\" alt=\"Torrelodones Propuesta_resize\" width=\"232\" height=\"300\" \/><\/a><\/strong><\/p>\n","protected":false},"excerpt":{"rendered":"<div class=\"mh-excerpt\"><p>Torrelodones ha sido expuesto en numerosas ocasiones como ejemplo de municipio gobernado por sus vecinos, con apariciones en medios de comunicaci\u00f3n y una actividad de <a class=\"mh-excerpt-more\" href=\"https:\/\/democraciaactiva.eu\/?p=1068\" title=\"Torrelodones, \u00bfejemplo a seguir?\">[&#8230;]<\/a><\/p>\n<\/div>","protected":false},"author":1,"featured_media":1070,"comment_status":"closed","ping_status":"open","sticky":false,"template":"","format":"standard","meta":[],"categories":[3,5],"tags":[],"_links":{"self":[{"href":"https:\/\/democraciaactiva.eu\/index.php?rest_route=\/wp\/v2\/posts\/1068"}],"collection":[{"href":"https:\/\/democraciaactiva.eu\/index.php?rest_route=\/wp\/v2\/posts"}],"about":[{"href":"https:\/\/democraciaactiva.eu\/index.php?rest_route=\/wp\/v2\/types\/post"}],"author":[{"embeddable":true,"href":"https:\/\/democraciaactiva.eu\/index.php?rest_route=\/wp\/v2\/users\/1"}],"replies":[{"embeddable":true,"href":"https:\/\/democraciaactiva.eu\/index.php?rest_route=%2Fwp%2Fv2%2Fcomments&post=1068"}],"version-history":[{"count":0,"href":"https:\/\/democraciaactiva.eu\/index.php?rest_route=\/wp\/v2\/posts\/1068\/revisions"}],"wp:featuredmedia":[{"embeddable":true,"href":"https:\/\/democraciaactiva.eu\/index.php?rest_route=\/"}],"wp:attachment":[{"href":"https:\/\/democraciaactiva.eu\/index.php?rest_route=%2Fwp%2Fv2%2Fmedia&parent=1068"}],"wp:term":[{"taxonomy":"category","embeddable":true,"href":"https:\/\/democraciaactiva.eu\/index.php?rest_route=%2Fwp%2Fv2%2Fcategories&post=1068"},{"taxonomy":"post_tag","embeddable":true,"href":"https:\/\/democraciaactiva.eu\/index.php?rest_route=%2Fwp%2Fv2%2Ftags&post=1068"}],"curies":[{"name":"wp","href":"https:\/\/api.w.org\/{rel}","templated":true}]}}