{"id":1063,"date":"2015-10-25T10:47:32","date_gmt":"2015-10-25T09:47:32","guid":{"rendered":"http:\/\/democraciaactiva.eu\/?p=1063"},"modified":"2015-10-25T10:47:32","modified_gmt":"2015-10-25T09:47:32","slug":"continuan-las-irregularidades-en-las-plazas-de-comedor-escolar","status":"publish","type":"post","link":"https:\/\/democraciaactiva.eu\/?p=1063","title":{"rendered":"Contin\u00faan las irregularidades en las plazas de comedor escolar."},"content":{"rendered":"<p style=\"text-align: justify;\">Defensa Ciudadana Activa ha solicitado a la Delegaci\u00f3n Territorial de Educaci\u00f3n en M\u00e1laga informaci\u00f3n, a efectos estad\u00edsticos, del n\u00famero de alumnos que hayan obtenido plaza en el comedor del CEIP Luis Braille de M\u00e1laga en este curso escolar <strong>en situaci\u00f3n de dificultad social extrema.<\/strong><\/p>\n<p style=\"text-align: justify;\">La solicitud se realiza tras comprobar c\u00f3mo, un a\u00f1o m\u00e1s, en este centro se producen irregularidades en la adjudicaci\u00f3n de plazas de comedor escolar, quedando <strong>excluidas las familias que no puedan acreditar un contrato de trabajo.<\/strong> \u00abEs ya el tercer a\u00f1o en el que debemos recurrir decisiones excluyentes de la administraci\u00f3n que no comprendemos, y aunque tambi\u00e9n es el tercer a\u00f1o que r\u00e1pidamente admiten a los excluidos no podemos quedarnos de brazos cruzados porque <strong>pueden existir muchos m\u00e1s afectados, no s\u00f3lo en ese centro, si no a nivel de Andaluc\u00eda<\/strong>.\u00bb, informaron.<\/p>\n<p style=\"text-align: justify;\">El problema detectado se refiere al criterio que utilizan los centros para adjudicar las plazas, y que en el centro concreto analizado se basaba fundamentalmente en si los padres trabajaban o no. Si trabajaban se admit\u00eda al menor, y si no quedaba excluido.<\/p>\n<p style=\"text-align: justify;\"><img decoding=\"async\" loading=\"lazy\" class=\"aligncenter size-medium wp-image-1064\" src=\"https:\/\/democraciaactiva.eu\/wp-content\/uploads\/2015\/10\/comedor_escolar-300x200.jpg\" alt=\"comedor_escolar\" width=\"300\" height=\"200\" \/><\/p>\n<p style=\"text-align: justify;\">Por ello, DCA record\u00f3 tanto a la administraci\u00f3n que el orden de prioridad\u00a0marcado por la Orden de 3 de agosto de 2.010 que regula los servicios complementarios de la ense\u00f1anza, comedor escolar, y actividades extraescolares en los centros docentes p\u00fablicos, otorga prioridad en la siguiente forma:<\/p>\n<p style=\"text-align: justify;\">1.- Personas que deban desplazarse desde fuera de la localidad.<\/p>\n<p style=\"text-align: justify;\"><strong>2.- Familias en riesgo de exclusi\u00f3n social o dificultad social extrema.<\/strong><\/p>\n<p style=\"text-align: justify;\">3.- Personas cuyo horario laboral sea incompatible con el escolar.<\/p>\n<p style=\"text-align: justify;\">\u00abDeterminados centros han venido excluyendo a familias del apartado segundo sin motivo aparente, aunque suponemos que porque desconoc\u00edan c\u00f3mo calificar las dos situaciones que cita la norma. <strong>De este modo quienes m\u00e1s lo necesitaban quedaban sin servicio<\/strong>.\u00bb, criticaron.<\/p>\n<p style=\"text-align: justify;\">Por ello, Defensa Ciudadana Activa insisti\u00f3 el pasado 24 de septiembre en los criterios para considerar la situaci\u00f3n de dificultad social extrema, que aparecen reflejados en el BOJA n\u00ba 52 de 4 de mayo de 2.020 (pag. 7133), referidos siempre a los ingresos econ\u00f3micos de las familias.<\/p>\n<p style=\"text-align: justify;\"><a href=\"https:\/\/democraciaactiva.eu\/wp-content\/uploads\/2015\/10\/Pagina-1.jpg\"><img decoding=\"async\" loading=\"lazy\" class=\"aligncenter size-medium wp-image-1065\" src=\"https:\/\/democraciaactiva.eu\/wp-content\/uploads\/2015\/10\/Pagina-1-220x300.jpg\" alt=\"Pagina 1\" width=\"220\" height=\"300\" \/><\/a><\/p>\n<p style=\"text-align: justify;\"><strong>En algunos casos, se han encontrado con la respuesta de que las familias\u00a0deben presentar certificados de Asuntos Sociales o documentos acreditativos de esta situaci\u00f3n, lo cual a juicio de DCA es totalmente injusto. \u00abNo todas las familias sin recursos conocen los entresijos de la administraci\u00f3n como para desenvolverse a ese nivel, y adem\u00e1s el art. 35.f de la\u00a0Ley 30\/92 les exime de ese requisito. Los centros tienen su declaraci\u00f3n de la renta y una autorizaci\u00f3n para contrastar los datos con la Agencia Tributaria, as\u00ed que a partir de ah\u00ed la administraci\u00f3n es quien debe calcular si cumplen o no los requisitos, tienen toda la informaci\u00f3n necesaria, aunque es m\u00e1s c\u00f3modo excluir familias y luego esperar si saben c\u00f3mo recurrir por sus hijos.\u00bb,<\/strong> denunciaron.<\/p>\n<p style=\"text-align: justify;\">Aunque la alumna malague\u00f1a que fue excluida en ese centro, cuya\u00a0madre es miembro\u00a0de DCA,<strong> fue admitida al comedor escolar d\u00edas despu\u00e9s del recurso presentado<\/strong>, el expediente informativo sigue abierto, en espera de que, si se confirma que se viene aplicando mal la normativa, se remita una circular desde la Consejer\u00eda de Educaci\u00f3n para que apliquen los procedimientos normativos previstos, impidiendo que casos as\u00ed puedan repetirse.<\/p>\n","protected":false},"excerpt":{"rendered":"<div class=\"mh-excerpt\"><p>Defensa Ciudadana Activa ha solicitado a la Delegaci\u00f3n Territorial de Educaci\u00f3n en M\u00e1laga informaci\u00f3n, a efectos estad\u00edsticos, del n\u00famero de alumnos que hayan obtenido plaza <a class=\"mh-excerpt-more\" href=\"https:\/\/democraciaactiva.eu\/?p=1063\" title=\"Contin\u00faan las irregularidades en las plazas de comedor escolar.\">[&#8230;]<\/a><\/p>\n<\/div>","protected":false},"author":1,"featured_media":0,"comment_status":"closed","ping_status":"open","sticky":false,"template":"","format":"standard","meta":[],"categories":[5,9],"tags":[],"_links":{"self":[{"href":"https:\/\/democraciaactiva.eu\/index.php?rest_route=\/wp\/v2\/posts\/1063"}],"collection":[{"href":"https:\/\/democraciaactiva.eu\/index.php?rest_route=\/wp\/v2\/posts"}],"about":[{"href":"https:\/\/democraciaactiva.eu\/index.php?rest_route=\/wp\/v2\/types\/post"}],"author":[{"embeddable":true,"href":"https:\/\/democraciaactiva.eu\/index.php?rest_route=\/wp\/v2\/users\/1"}],"replies":[{"embeddable":true,"href":"https:\/\/democraciaactiva.eu\/index.php?rest_route=%2Fwp%2Fv2%2Fcomments&post=1063"}],"version-history":[{"count":0,"href":"https:\/\/democraciaactiva.eu\/index.php?rest_route=\/wp\/v2\/posts\/1063\/revisions"}],"wp:attachment":[{"href":"https:\/\/democraciaactiva.eu\/index.php?rest_route=%2Fwp%2Fv2%2Fmedia&parent=1063"}],"wp:term":[{"taxonomy":"category","embeddable":true,"href":"https:\/\/democraciaactiva.eu\/index.php?rest_route=%2Fwp%2Fv2%2Fcategories&post=1063"},{"taxonomy":"post_tag","embeddable":true,"href":"https:\/\/democraciaactiva.eu\/index.php?rest_route=%2Fwp%2Fv2%2Ftags&post=1063"}],"curies":[{"name":"wp","href":"https:\/\/api.w.org\/{rel}","templated":true}]}}