{"id":1060,"date":"2015-10-23T11:23:44","date_gmt":"2015-10-23T10:23:44","guid":{"rendered":"http:\/\/democraciaactiva.eu\/?p=1060"},"modified":"2015-10-23T11:23:44","modified_gmt":"2015-10-23T10:23:44","slug":"proteccion-de-datos-estudia-abrir-nuevos-procedimientos-contra-el-ayuntamiento-de-san-roque","status":"publish","type":"post","link":"https:\/\/democraciaactiva.eu\/?p=1060","title":{"rendered":"Protecci\u00f3n de Datos estudia abrir nuevos procedimientos contra el Ayuntamiento de San Roque"},"content":{"rendered":"<p style=\"text-align: justify;\">Media docena de socios de la Asociaci\u00f3n Defensa Ciudadana Activa han recibido contestaci\u00f3n a sus quejas de la Agencia Espa\u00f1ola de Protecci\u00f3n de Datos. En ellas se solicitaba informaci\u00f3n sobre el procedimiento a seguir tras los reiterados incumplimientos del Ayuntamiento de San Roque en relaci\u00f3n a la Ley Org\u00e1nica de Protecci\u00f3n de Datos.<\/p>\n<p style=\"text-align: justify;\">El procedimiento se inici\u00f3 el pasado a\u00f1o, siguiendo un protocolo que DCA, pese a ser de \u00e1mbito nacional, s\u00f3lo ha utilizado de momento en San Roque. \u00ab<strong>Desde Sanl\u00facar de Guadiana hasta Santurce no hemos encontrado ninguna administraci\u00f3n que niegue tan rotundamente el derecho de los ciudadanos a obtener respuesta, por lo que San Roque se ha convertido, tristemente, en la primera que mantiene un expediente tan amplio, claro y duradero en el tiempo, en relaci\u00f3n a la Protecci\u00f3n de Datos Personales.<\/strong>\u00ab, confirmaron.<\/p>\n<p style=\"text-align: justify;\">Los ciudadanos, que realizaron\u00a0id\u00e9ntica reclamaci\u00f3n en base al protocolo de su asociaci\u00f3n, <strong>llevaban a\u00f1os solicitando al Ayuntamiento informaci\u00f3n sobre los datos personales que mantienen, sin respuesta hasta la fecha.<\/strong> Por ello se denunci\u00f3 a la AGPD que resolvi\u00f3 el a\u00f1o pasado dando la raz\u00f3n a los ciudadanos y resolviendo que el Ayuntamiento deb\u00eda facilitar la informaci\u00f3n solicitada.<\/p>\n<p style=\"text-align: justify;\">Pese a ello, el Ayuntamiento hizo caso omiso a esta resoluci\u00f3n y continu\u00f3 sin contestar a los ciudadanos, por lo que se inform\u00f3 de nuevo a la AGPD que ya inici\u00f3 un procedimiento sancionador meses atr\u00e1s.<\/p>\n<p style=\"text-align: justify;\">Ahora, el resto de socios han recibido notificaciones id\u00e9nticas, dado que los hechos son similares, por lo que se espera que la AGPD resuelva de igual forma y, sobre todo, aclare <strong>qui\u00e9nes son los responsables de tal actitud que vulnera los derechos de los ciudadanos impunemente.<\/strong><\/p>\n<p style=\"text-align: justify;\"><a href=\"https:\/\/democraciaactiva.eu\/wp-content\/uploads\/2015\/10\/AGPD1.jpg\"><img decoding=\"async\" loading=\"lazy\" class=\"aligncenter size-medium wp-image-1061\" src=\"https:\/\/democraciaactiva.eu\/wp-content\/uploads\/2015\/10\/AGPD1-255x300.jpg\" alt=\"AGPD1\" width=\"255\" height=\"300\" \/><\/a><\/p>\n<p style=\"text-align: justify;\">No se descarta, una vez terminado el procedimiento, que se reclamen los da\u00f1os que hubiera podido causar la negativa de la administraci\u00f3n a contestar a los ciudadanos una vez identificados los responsables. De hecho, <strong>algunos han podido perder la posibilidad de realizar cursos y acceso a distintos puestos por no disponer de los certificados que solicitaron\u00a0al Ayuntamiento\u00a0sin que \u00e9ste les contestara<\/strong>.<\/p>\n<p style=\"text-align: justify;\">\u00ab<strong>No es de recibo que personas que supuestamente est\u00e1n al servicio del ciudadano se permitan ningunearlos, perjudic\u00e1ndoles claramente. Todos los ciudadanos deben ser iguales ante la administraci\u00f3n, y quienes no lo entiendan no deber\u00edan trabajar en ella<\/strong>.\u00bb, finalizaron.<\/p>\n","protected":false},"excerpt":{"rendered":"<div class=\"mh-excerpt\"><p>Media docena de socios de la Asociaci\u00f3n Defensa Ciudadana Activa han recibido contestaci\u00f3n a sus quejas de la Agencia Espa\u00f1ola de Protecci\u00f3n de Datos. En <a class=\"mh-excerpt-more\" href=\"https:\/\/democraciaactiva.eu\/?p=1060\" title=\"Protecci\u00f3n de Datos estudia abrir nuevos procedimientos contra el Ayuntamiento de San Roque\">[&#8230;]<\/a><\/p>\n<\/div>","protected":false},"author":1,"featured_media":0,"comment_status":"closed","ping_status":"open","sticky":false,"template":"","format":"standard","meta":[],"categories":[5,8],"tags":[],"_links":{"self":[{"href":"https:\/\/democraciaactiva.eu\/index.php?rest_route=\/wp\/v2\/posts\/1060"}],"collection":[{"href":"https:\/\/democraciaactiva.eu\/index.php?rest_route=\/wp\/v2\/posts"}],"about":[{"href":"https:\/\/democraciaactiva.eu\/index.php?rest_route=\/wp\/v2\/types\/post"}],"author":[{"embeddable":true,"href":"https:\/\/democraciaactiva.eu\/index.php?rest_route=\/wp\/v2\/users\/1"}],"replies":[{"embeddable":true,"href":"https:\/\/democraciaactiva.eu\/index.php?rest_route=%2Fwp%2Fv2%2Fcomments&post=1060"}],"version-history":[{"count":0,"href":"https:\/\/democraciaactiva.eu\/index.php?rest_route=\/wp\/v2\/posts\/1060\/revisions"}],"wp:attachment":[{"href":"https:\/\/democraciaactiva.eu\/index.php?rest_route=%2Fwp%2Fv2%2Fmedia&parent=1060"}],"wp:term":[{"taxonomy":"category","embeddable":true,"href":"https:\/\/democraciaactiva.eu\/index.php?rest_route=%2Fwp%2Fv2%2Fcategories&post=1060"},{"taxonomy":"post_tag","embeddable":true,"href":"https:\/\/democraciaactiva.eu\/index.php?rest_route=%2Fwp%2Fv2%2Ftags&post=1060"}],"curies":[{"name":"wp","href":"https:\/\/api.w.org\/{rel}","templated":true}]}}