{"id":1056,"date":"2015-10-21T13:19:56","date_gmt":"2015-10-21T12:19:56","guid":{"rendered":"http:\/\/democraciaactiva.eu\/?p=1056"},"modified":"2015-10-21T13:19:56","modified_gmt":"2015-10-21T12:19:56","slug":"tres-asociaciones-de-la-comarca-toman-medidas-contra-las-injurias-y-calumnias-en-redes-sociales","status":"publish","type":"post","link":"https:\/\/democraciaactiva.eu\/?p=1056","title":{"rendered":"Tres asociaciones de la comarca toman medidas contra las injurias y calumnias en redes sociales."},"content":{"rendered":"<p style=\"text-align: justify;\">La citaci\u00f3n corresponde al primer paso dado por tres asociaciones de la comarca, Soto Cats Rescue, El Gato Andaluz, y Defensa Ciudadana Activa, el pasado mes de junio, contra Mar\u00eda Isabel Fuertes, presidenta en funciones al parecer de la protectora Marramamiau, que ha sido aceptado por el Juzgado de Primera Instancia e Instrucci\u00f3n n\u00ba 2 de San Roque en estos d\u00edas.<\/p>\n<p style=\"text-align: justify;\">\u201cLas manifestaciones que viene realizando,<strong> aunque entendemos que son a t\u00edtulo personal, las difunde como supuesta representante de una asociaci\u00f3n<\/strong> y s\u00f3lo pretenden atentar contra el honor de las personas y colectivos a los que representan, por lo que, tras meses esperando a que se le pasara el enfado por no hacerle caso, decidimos presentar en los juzgados la oportuna petici\u00f3n<strong> para que comprenda que no tiene licencia para mentir impunemente<\/strong>\u201d, informaron.<\/p>\n<p style=\"text-align: justify;\">Fuertes <strong>comenz\u00f3 sus ataques contra El Gato Andaluz a ra\u00edz de sus intervenciones informando sobre los felinos en la Televisi\u00f3n de San Roque, ya que seg\u00fan su criterio no pod\u00edan intervenir en esta localidad. Despu\u00e9s la tom\u00f3 con miembros de Defensa Ciudadana Activa que pertenecen tambi\u00e9n a la protectora Marramamiau por no defenderla ante las cr\u00edticas, y por \u00faltimo la tom\u00f3 con la protectora sanroque\u00f1a Soto Cats Rescue, con todo tipo de ataques personales que van desde su nacionalidad a su trabajo, ya que al parecer considera que no deben existir m\u00e1s asociaciones sobre felinos en el municipio.<\/strong><\/p>\n<p style=\"text-align: justify;\">Adem\u00e1s de ello, ha insinuado en reiteradas ocasiones haber denunciado, inclusive penalmente, a los presidentes de estas asociaciones, sin que meses despu\u00e9s lo haya hecho a\u00fan, <strong>\u00abmuestra evidente de que s\u00f3lo le importan las redes sociales, ya que si fuera cierto la mitad de lo que publica deber\u00eda haber acudido a la autoridad competente.\u00bb<\/strong><\/p>\n<p style=\"text-align: justify;\">Por ello ya el pasado mes de junio estos colectivos solicitaron acto de conciliaci\u00f3n previo a la demanda por injurias y calumnias, que finalmente ha sido convocado para el pr\u00f3ximo 27 de noviembre.<\/p>\n<p style=\"text-align: justify;\">\u201cEstas manifestaciones las realiz\u00f3 a trav\u00e9s de redes sociales como Facebook, aunque tambi\u00e9n solicit\u00f3 correos electr\u00f3nicos a terceros para ampliar la publicidad de sus injurias, en las que inclu\u00eda datos personales de socios de su propia asociaci\u00f3n, por lo que, adem\u00e1s de por la v\u00eda judicial, ante la Agencia Espa\u00f1ola de Protecci\u00f3n de Datos, <strong>as\u00ed como ante la Guardia Civil que ya ha desmentido que hubieran solicitado informaci\u00f3n sobre caso alguno a la denunciada<\/strong>\u201d.<\/p>\n<p style=\"text-align: justify;\">Al ser obligatoria la celebraci\u00f3n del acto de conciliaci\u00f3n previa a las demandas por injurias y calumnias, tras \u00e9l los colectivos denunciantes decidir\u00e1n, en funci\u00f3n de su resultado, el inicio de las acciones legales que procedan. Se da la circunstancia de que <strong>tras recibir notificaci\u00f3n de los juzgados la presidenta de Marramamiau ha procedido al borrado de todos los comentarios con alusiones a los denunciantes que se encontraban en los perfiles que administra, inclusive en varios grupos de redes sociales, aunque no ha emitido disculpa alguna<\/strong>.<\/p>\n<p style=\"text-align: justify;\">Se da la circunstancia de que varios <strong>miembros de los colectivos denunciantes son fundadores de la protectora Marramamiau<\/strong>, a la cual pertenece la denunciada, aunque \u00abDesde la constituci\u00f3n de la Asociaci\u00f3n hace dos a\u00f1os como socios no hemos recibido una s\u00f3la citaci\u00f3n para Asamblea o reuni\u00f3n alguna, incluso se jacta de haber expulsado a socios sin procedimiento legal alguno, lo cual es comprensible por su profundo desconocimiento de los Estatutos y falta de apoyo en la gesti\u00f3n del colectivo.\u00bb<\/p>\n<p style=\"text-align: justify;\">Por ello, desde los colectivos no esperan que asuma sus errores, pero s\u00ed al menos que deje de atacar a los dem\u00e1s por ellos. De hecho, tras conocerse la falsedad de su denuncia por un supuesto envenenamiento de felinos en Sotogrande junto a un partido local antes de las elecciones locales, no ha perdido un minuto en echar la culpa a otros. <strong>\u00abEvidentemente cuando todo el mundo te dice que no hay pruebas suficientes, que hay que esperar, y a\u00fan as\u00ed te lanzas a denunciar para tener tu dosis de protagonismo, no se puede luego venir contando que no sab\u00eda lo que hac\u00eda. El s\u00edndrome de la Infanta no es aplicable en estos casos, aunque no dudamos que lo tenga porque no se entera de nada\u00bb, ironizaron.<\/strong><\/p>\n","protected":false},"excerpt":{"rendered":"<div class=\"mh-excerpt\"><p>La citaci\u00f3n corresponde al primer paso dado por tres asociaciones de la comarca, Soto Cats Rescue, El Gato Andaluz, y Defensa Ciudadana Activa, el pasado <a class=\"mh-excerpt-more\" href=\"https:\/\/democraciaactiva.eu\/?p=1056\" title=\"Tres asociaciones de la comarca toman medidas contra las injurias y calumnias en redes sociales.\">[&#8230;]<\/a><\/p>\n<\/div>","protected":false},"author":1,"featured_media":0,"comment_status":"closed","ping_status":"open","sticky":false,"template":"","format":"standard","meta":[],"categories":[12,14],"tags":[24,34,35,44,52,57],"_links":{"self":[{"href":"https:\/\/democraciaactiva.eu\/index.php?rest_route=\/wp\/v2\/posts\/1056"}],"collection":[{"href":"https:\/\/democraciaactiva.eu\/index.php?rest_route=\/wp\/v2\/posts"}],"about":[{"href":"https:\/\/democraciaactiva.eu\/index.php?rest_route=\/wp\/v2\/types\/post"}],"author":[{"embeddable":true,"href":"https:\/\/democraciaactiva.eu\/index.php?rest_route=\/wp\/v2\/users\/1"}],"replies":[{"embeddable":true,"href":"https:\/\/democraciaactiva.eu\/index.php?rest_route=%2Fwp%2Fv2%2Fcomments&post=1056"}],"version-history":[{"count":0,"href":"https:\/\/democraciaactiva.eu\/index.php?rest_route=\/wp\/v2\/posts\/1056\/revisions"}],"wp:attachment":[{"href":"https:\/\/democraciaactiva.eu\/index.php?rest_route=%2Fwp%2Fv2%2Fmedia&parent=1056"}],"wp:term":[{"taxonomy":"category","embeddable":true,"href":"https:\/\/democraciaactiva.eu\/index.php?rest_route=%2Fwp%2Fv2%2Fcategories&post=1056"},{"taxonomy":"post_tag","embeddable":true,"href":"https:\/\/democraciaactiva.eu\/index.php?rest_route=%2Fwp%2Fv2%2Ftags&post=1056"}],"curies":[{"name":"wp","href":"https:\/\/api.w.org\/{rel}","templated":true}]}}